{"id":26243,"date":"2026-09-01T08:01:50","date_gmt":"2026-09-01T14:01:50","guid":{"rendered":"https:\/\/portal.fgeo.gob.mx\/?post_type=noticias&#038;p=26243"},"modified":"2026-09-01T08:01:50","modified_gmt":"2026-09-01T14:01:50","slug":"boletin-2765-fiscalia-de-oaxaca-detiene-a-probable-responsable-de-robo-con-violencia-de-63-telefonos-celulares-en-zimatlan-de-alvarez","status":"publish","type":"noticias","link":"https:\/\/portal.fgeo.gob.mx\/index.php\/archivos\/noticias\/boletin-2765-fiscalia-de-oaxaca-detiene-a-probable-responsable-de-robo-con-violencia-de-63-telefonos-celulares-en-zimatlan-de-alvarez","title":{"rendered":"BOLET\u00cdN 2,765.- Fiscal\u00eda de Oaxaca detiene a probable responsable de robo con violencia de 63 tel\u00e9fonos celulares en Zimatl\u00e1n de \u00c1lvarez"},"content":{"rendered":"\n<p class=\"wp-block-paragraph\">Oaxaca de Ju\u00e1rez, Oax., a 1 de septiembre de 2026.- La Fiscal\u00eda General del Estado de Oaxaca (FGEO) ejecut\u00f3 una orden de aprehensi\u00f3n contra un hombre identificado como H.O.G., investigado por su probable participaci\u00f3n en el delito de robo con violencia f\u00edsica y moral a las personas, cometido en un negocio de venta de tel\u00e9fonos celulares y accesorios en Zimatl\u00e1n de \u00c1lvarez, regi\u00f3n de los Valles Centrales.&nbsp;<\/p>\n\n\n\n<p class=\"wp-block-paragraph\">De acuerdo con la investigaci\u00f3n ministerial, los hechos ocurrieron el 9 de marzo de 2025, cuando la v\u00edctima, una mujer encargada de dicha sucursal, se encontraba trabajando en el establecimiento, ubicado en el Barrio San Lorenzo, en Zimatl\u00e1n de \u00c1lvarez.<\/p>\n\n\n\n<p class=\"wp-block-paragraph\">Las investigaciones establecen que una persona habr\u00eda ingresado al establecimiento aparentando realizar un pago y, posteriormente, amag\u00f3 con una navaja a la trabajadora, a quien presuntamente at\u00f3 de las manos y amordaz\u00f3, provoc\u00e1ndole diversas lesiones.<\/p>\n\n\n\n<p class=\"wp-block-paragraph\">Una vez sometida la v\u00edctima, el probable responsable habr\u00eda sustra\u00eddo 63 tel\u00e9fonos celulares de distintas marcas que se encontraban exhibidos en el establecimiento, para despu\u00e9s huir del lugar.<\/p>\n\n\n\n<p class=\"wp-block-paragraph\">Las investigaciones revelan que, el robo habr\u00eda generado una afectaci\u00f3n patrimonial estimada en aproximadamente 259 mil pesos, por lo que la FGEO, a trav\u00e9s de la Vicefiscal\u00eda Regional de Valles Centrales, inici\u00f3 las investigaciones correspondientes para esclarecer los hechos y establecer la identidad de quien habr\u00eda cometido el delito.<\/p>\n\n\n\n<p class=\"wp-block-paragraph\">Como resultado de las diligencias ministeriales y de investigaci\u00f3n, se obtuvieron los datos necesarios para solicitar y ejecutar una orden de aprehensi\u00f3n contra H.O.G.<\/p>\n\n\n\n<p class=\"wp-block-paragraph\">Tras su detenci\u00f3n, se llev\u00f3 a cabo la audiencia de control, en la que el Juez de Control formul\u00f3 imputaci\u00f3n, por lo que el Ministerio P\u00fablico solicit\u00f3 la vinculaci\u00f3n a proceso. La autoridad judicial impuso prisi\u00f3n preventiva justificada como medida cautelar, por lo que el imputado permanecer\u00e1 sujeto a esta medida mientras se resuelve su situaci\u00f3n jur\u00eddica.<\/p>\n\n\n\n<p class=\"wp-block-paragraph\">La Fiscal\u00eda General del Estado de Oaxaca mantiene el compromiso de investigar los delitos que afectan el patrimonio y la integridad de las personas, con especial atenci\u00f3n a las v\u00edctimas de hechos violentos, para esclarecer los casos y presentar ante la autoridad judicial a quien o quienes resulten responsables.<\/p>\n\n\n\n<figure class=\"wp-block-image size-full\"><img fetchpriority=\"high\" decoding=\"async\" width=\"1057\" height=\"1354\" src=\"https:\/\/portal.fgeo.gob.mx\/minio\/pagina\/wp-content\/uploads\/2026\/09\/WhatsApp-Image-2026-09-01-at-7.37.46-AM.jpeg\" alt=\"\" class=\"wp-image-26244\" \/><\/figure>\n","protected":false},"author":2,"featured_media":0,"comment_status":"closed","ping_status":"closed","template":"","tags":[],"categoria_noticias":[],"class_list":["post-26243","noticias","type-noticias","status-publish","hentry"],"acf":[],"mb":[],"mfb_rest_fields":["title","gutenberg_elementor_mode"],"_links":{"self":[{"href":"https:\/\/portal.fgeo.gob.mx\/index.php\/wp-json\/wp\/v2\/noticias\/26243","targetHints":{"allow":["GET"]}}],"collection":[{"href":"https:\/\/portal.fgeo.gob.mx\/index.php\/wp-json\/wp\/v2\/noticias"}],"about":[{"href":"https:\/\/portal.fgeo.gob.mx\/index.php\/wp-json\/wp\/v2\/types\/noticias"}],"author":[{"embeddable":true,"href":"https:\/\/portal.fgeo.gob.mx\/index.php\/wp-json\/wp\/v2\/users\/2"}],"replies":[{"embeddable":true,"href":"https:\/\/portal.fgeo.gob.mx\/index.php\/wp-json\/wp\/v2\/comments?post=26243"}],"wp:attachment":[{"href":"https:\/\/portal.fgeo.gob.mx\/index.php\/wp-json\/wp\/v2\/media?parent=26243"}],"wp:term":[{"taxonomy":"post_tag","embeddable":true,"href":"https:\/\/portal.fgeo.gob.mx\/index.php\/wp-json\/wp\/v2\/tags?post=26243"},{"taxonomy":"categoria_noticias","embeddable":true,"href":"https:\/\/portal.fgeo.gob.mx\/index.php\/wp-json\/wp\/v2\/categoria_noticias?post=26243"}],"curies":[{"name":"wp","href":"https:\/\/api.w.org\/{rel}","templated":true}]}}