{"id":2444,"date":"2020-01-31T20:40:41","date_gmt":"2020-02-01T01:40:41","guid":{"rendered":"http:\/\/fge.oaxaca.gob.mx\/?post_type=noticias&amp;p=2444"},"modified":"2020-01-31T20:40:41","modified_gmt":"2020-02-01T01:40:41","slug":"designa-fiscal-general-ruben-vasconcelos-mendez-a-nuevos-coordinadores-de-diversas-areas-de-la-fgeo","status":"publish","type":"noticias","link":"https:\/\/portal.fgeo.gob.mx\/index.php\/archivos\/noticias\/designa-fiscal-general-ruben-vasconcelos-mendez-a-nuevos-coordinadores-de-diversas-areas-de-la-fgeo","title":{"rendered":"Designa Fiscal General, Rub\u00e9n Vasconcelos M\u00e9ndez a nuevos coordinadores de diversas \u00e1reas de la FGEO"},"content":{"rendered":"<ul>\n<li style=\"font-weight: 400; text-align: justify;\">El Fiscal General, Rub\u00e9n Vasconcelos M\u00e9ndez, conmin\u00f3 a los coordinadores a conducirse bajo los principios de legalidad, profesionalismo, honradez y eficiencia, a fin de fortalecer el sistema estatal de procuraci\u00f3n de justicia.<\/li>\n<\/ul>\n<p style=\"font-weight: 400; text-align: center;\"><img fetchpriority=\"high\" decoding=\"async\" class=\"aligncenter  wp-image-2446\" src=\"http:\/\/fge.oaxaca.gob.mx\/wp-content\/uploads\/2020\/02\/22.jpg\" alt=\"\" width=\"643\" height=\"361\" \/><\/p>\n<p style=\"font-weight: 400; text-align: justify;\"><strong>Oaxaca de Ju\u00e1rez, Oax., 31 de enero de 2020.-<\/strong>\u00a0De conformidad con las atribuciones que le marca la ley, el Fiscal General Rub\u00e9n Vasconcelos M\u00e9ndez, design\u00f3 a nuevos coordinadores de diversas \u00e1reas de procuraci\u00f3n de justicia de la Fiscal\u00eda General del Estado de Oaxaca (FGEO).<\/p>\n<p style=\"font-weight: 400; text-align: justify;\">Durante el evento protocolario realizado en Ciudad Judicial, el Fiscal General design\u00f3 a Yadira Castillo Cruz, como Coordinadora del Sistema Acusatorio de la Vicefiscal\u00eda de Control Regional; Nancy Soledad Ram\u00edrez Cruz, como Coordinadora del Sector Metropolitano de la Direcci\u00f3n de Averiguaciones Previas y Procesos y a Edith Morales Celaya, como Coordinadora de la Fiscal\u00eda Especializada para la Atenci\u00f3n a Delitos contra la Mujer por Raz\u00f3n de G\u00e9nero.<\/p>\n<p style=\"font-weight: 400; text-align: justify;\">Asimismo, el responsable de la procuraci\u00f3n de justicia en el Estado design\u00f3 a Prisco Adelfo Cort\u00e9s Cruz, como Coordinador de Mesas con Detenido de la Direcci\u00f3n de Averiguaciones Previas y Procesos y a Kassim Hern\u00e1ndez Pinacho, como Coordinador de las Mesas Especiales de Robo de Veh\u00edculos de la Fiscal\u00eda Especializada para la Atenci\u00f3n a Delitos de Alto Impacto.<\/p>\n<p style=\"font-weight: 400; text-align: justify;\">En el marco de estas nuevas designaciones, el Fiscal General design\u00f3 adem\u00e1s a Constantino Cruz L\u00f3pez, como titular de la Unidad de Comunicaci\u00f3n Social de la Fiscal\u00eda General del Estado de Oaxaca.<\/p>\n<p style=\"font-weight: 400; text-align: center;\"><img decoding=\"async\" class=\"aligncenter  wp-image-2447\" src=\"http:\/\/fge.oaxaca.gob.mx\/wp-content\/uploads\/2020\/02\/21.jpg\" alt=\"\" width=\"647\" height=\"370\" \/><\/p>\n<p style=\"font-weight: 400; text-align: justify;\">El Fiscal General precis\u00f3 que estas designaciones tienen como prop\u00f3sito fortalecer \u00e1reas espec\u00edficas de la Fiscal\u00eda General y de esta forma, apuntalar las tareas de investigaci\u00f3n y procuraci\u00f3n de justicia en favor de la sociedad.<\/p>\n<p style=\"font-weight: 400; text-align: justify;\">Rub\u00e9n Vasconcelos M\u00e9ndez conmin\u00f3 a los nuevos titulares a conducirse bajo los principios de legalidad, profesionalismo, honradez y eficiencia, a fin de fortalecer el sistema estatal de procuraci\u00f3n de justicia y con ello, constituirse como una Instituci\u00f3n m\u00e1s confiable, m\u00e1s s\u00f3lida y con mayores resultados en favor de las y los oaxaque\u00f1os.<\/p>\n<p style=\"font-weight: 400; text-align: justify;\">Para brindar a la sociedad un servicio confiable y efectivo, la Fiscal\u00eda General fortalece cada una de sus \u00e1reas, con el prop\u00f3sito de brindar mejores resultados en materia de procuraci\u00f3n de justicia. \u00a1No bajaremos la guardia!<\/p>\n","protected":false},"author":1,"featured_media":0,"comment_status":"closed","ping_status":"closed","template":"","tags":[],"categoria_noticias":[],"class_list":["post-2444","noticias","type-noticias","status-publish","hentry"],"acf":[],"mb":[],"mfb_rest_fields":["title","gutenberg_elementor_mode"],"_links":{"self":[{"href":"https:\/\/portal.fgeo.gob.mx\/index.php\/wp-json\/wp\/v2\/noticias\/2444","targetHints":{"allow":["GET"]}}],"collection":[{"href":"https:\/\/portal.fgeo.gob.mx\/index.php\/wp-json\/wp\/v2\/noticias"}],"about":[{"href":"https:\/\/portal.fgeo.gob.mx\/index.php\/wp-json\/wp\/v2\/types\/noticias"}],"author":[{"embeddable":true,"href":"https:\/\/portal.fgeo.gob.mx\/index.php\/wp-json\/wp\/v2\/users\/1"}],"replies":[{"embeddable":true,"href":"https:\/\/portal.fgeo.gob.mx\/index.php\/wp-json\/wp\/v2\/comments?post=2444"}],"wp:attachment":[{"href":"https:\/\/portal.fgeo.gob.mx\/index.php\/wp-json\/wp\/v2\/media?parent=2444"}],"wp:term":[{"taxonomy":"post_tag","embeddable":true,"href":"https:\/\/portal.fgeo.gob.mx\/index.php\/wp-json\/wp\/v2\/tags?post=2444"},{"taxonomy":"categoria_noticias","embeddable":true,"href":"https:\/\/portal.fgeo.gob.mx\/index.php\/wp-json\/wp\/v2\/categoria_noticias?post=2444"}],"curies":[{"name":"wp","href":"https:\/\/api.w.org\/{rel}","templated":true}]}}