{"id":2432,"date":"2020-01-30T15:18:48","date_gmt":"2020-01-30T20:18:48","guid":{"rendered":"http:\/\/fge.oaxaca.gob.mx\/?post_type=noticias&amp;p=2432"},"modified":"2020-01-30T15:18:48","modified_gmt":"2020-01-30T20:18:48","slug":"cumplimenta-fiscalia-general-orden-de-aprehension-contra-probable-responsable-de-doble-homicidio-en-acatlan-de-perez-figueroa","status":"publish","type":"noticias","link":"https:\/\/portal.fgeo.gob.mx\/index.php\/archivos\/noticias\/cumplimenta-fiscalia-general-orden-de-aprehension-contra-probable-responsable-de-doble-homicidio-en-acatlan-de-perez-figueroa","title":{"rendered":"Cumplimenta Fiscal\u00eda General orden de aprehensi\u00f3n contra probable responsable de doble homicidio, en Acatl\u00e1n de P\u00e9rez Figueroa"},"content":{"rendered":"<p style=\"font-weight: 400; text-align: justify;\"><strong>Oaxaca de Ju\u00e1rez, Oax., 30 de enero de 2020.-<\/strong>\u00a0La Fiscal\u00eda General del Estado de Oaxaca (FGEO), cumpliment\u00f3 la orden de aprehensi\u00f3n contra una persona del sexo masculino identificado como J. A. H. L., como probable responsable del delito de homicidio calificado en agravio de E. S. P. y E. S. L., ocurrido en jurisdicci\u00f3n de Acatl\u00e1n de P\u00e9rez Figueroa, regi\u00f3n de la Cuenca.<\/p>\n<p style=\"font-weight: 400; text-align: left;\">\n<p style=\"font-weight: 400; text-align: justify;\">La aprehensi\u00f3n del imputado fue efectuada durante un cateo realizado en su domicilio ubicado en la localidad Ca\u00f1amazal, Acatl\u00e1n de P\u00e9rez Figueroa, la cual fue coordinada y ejecutada por la Fiscal\u00eda General, a trav\u00e9s de la Agencia Estatal de Investigaciones, contando con el apoyo del Ej\u00e9rcito Mexicano y la Guardia Nacional.<\/p>\n<p style=\"font-weight: 400; text-align: left;\">\n<p style=\"font-weight: 400; text-align: justify;\">De acuerdo con la causa penal 291\/2018, aproximadamente a las 22:00 horas del 15 de septiembre de 2018, el imputado \u2013junto con otras personas- arribaron al domicilio particular de las v\u00edctimas ubicado en la poblaci\u00f3n Ca\u00f1amazal, lesion\u00e1ndolas con una escopeta. Sin embargo, pese a recibir atenci\u00f3n m\u00e9dica en unidades hospitalarias del estado de Veracruz, las v\u00edctimas perdieron la vida como consecuencia de las heridas recibidas.<\/p>\n<p style=\"font-weight: 400; text-align: left;\">\n<p style=\"font-weight: 400; text-align: justify;\">Ante estos hechos, la Instituci\u00f3n de procuraci\u00f3n de justicia inici\u00f3 una serie de diligencias, a trav\u00e9s de la Vicefiscal\u00eda Regional de la Cuenca, logrando identificar, aprehender y presentar ante el Juez de Control al probable responsable.<\/p>\n<p style=\"font-weight: 400; text-align: left;\">\n<p style=\"font-weight: 400; text-align: justify;\">En audiencia celebrada el 25 de enero de 2020, la defensa del imputado solicit\u00f3 la duplicidad del t\u00e9rmino constitucional, que fenece el 31 de enero de 2020.<\/p>\n<p style=\"font-weight: 400; text-align: left;\">\n<p style=\"font-weight: 400; text-align: justify;\">A trav\u00e9s de estas acciones, la Fiscal\u00eda General refrenda su compromiso de llevar ante la justicia a quien o quienes resulten responsables de atentar contra la integridad de las personas. \u00a1No bajaremos la guardia!<\/p>\n","protected":false},"author":1,"featured_media":0,"comment_status":"closed","ping_status":"closed","template":"","tags":[],"categoria_noticias":[],"class_list":["post-2432","noticias","type-noticias","status-publish","hentry"],"acf":[],"mb":[],"mfb_rest_fields":["title","gutenberg_elementor_mode"],"_links":{"self":[{"href":"https:\/\/portal.fgeo.gob.mx\/index.php\/wp-json\/wp\/v2\/noticias\/2432","targetHints":{"allow":["GET"]}}],"collection":[{"href":"https:\/\/portal.fgeo.gob.mx\/index.php\/wp-json\/wp\/v2\/noticias"}],"about":[{"href":"https:\/\/portal.fgeo.gob.mx\/index.php\/wp-json\/wp\/v2\/types\/noticias"}],"author":[{"embeddable":true,"href":"https:\/\/portal.fgeo.gob.mx\/index.php\/wp-json\/wp\/v2\/users\/1"}],"replies":[{"embeddable":true,"href":"https:\/\/portal.fgeo.gob.mx\/index.php\/wp-json\/wp\/v2\/comments?post=2432"}],"wp:attachment":[{"href":"https:\/\/portal.fgeo.gob.mx\/index.php\/wp-json\/wp\/v2\/media?parent=2432"}],"wp:term":[{"taxonomy":"post_tag","embeddable":true,"href":"https:\/\/portal.fgeo.gob.mx\/index.php\/wp-json\/wp\/v2\/tags?post=2432"},{"taxonomy":"categoria_noticias","embeddable":true,"href":"https:\/\/portal.fgeo.gob.mx\/index.php\/wp-json\/wp\/v2\/categoria_noticias?post=2432"}],"curies":[{"name":"wp","href":"https:\/\/api.w.org\/{rel}","templated":true}]}}