{"id":23095,"date":"2026-05-01T17:37:00","date_gmt":"2026-05-01T23:37:00","guid":{"rendered":"https:\/\/portal.fgeo.gob.mx\/?post_type=noticias&#038;p=23095"},"modified":"2026-05-01T16:46:17","modified_gmt":"2026-05-01T22:46:17","slug":"boletin-2414-fiscalia-de-oaxaca-cumplimenta-ordenes-de-cateo-en-la-costa-detienen-a-dos-personas-por-el-delito-de-homicidio","status":"publish","type":"noticias","link":"https:\/\/portal.fgeo.gob.mx\/index.php\/archivos\/noticias\/boletin-2414-fiscalia-de-oaxaca-cumplimenta-ordenes-de-cateo-en-la-costa-detienen-a-dos-personas-por-el-delito-de-homicidio","title":{"rendered":"BOLET\u00cdN 2,414.- Fiscal\u00eda de Oaxaca cumplimenta \u00f3rdenes de cateo en la Costa; detienen a dos personas por el delito de homicidio"},"content":{"rendered":"\n<p>Oaxaca de Ju\u00e1rez, Oax., 1 de mayo de 2026.- Como parte de las labores de investigaci\u00f3n ministerial en el combate a delitos de alto impacto, la Fiscal\u00eda General del Estado de Oaxaca (FGEO) dio cumplimiento a dos \u00f3rdenes de cateo en la regi\u00f3n de la Costa, acciones que derivaron en la detenci\u00f3n de dos personas del sexo masculino, quienes son investigadas por su probable participaci\u00f3n en el delito de homicidio calificado con ventaja.<\/p>\n\n\n\n<p>El operativo fue coordinado por la FGEO, a trav\u00e9s de la Vicefiscal\u00eda Regional de la Costa, con la participaci\u00f3n de elementos de la Agencia Estatal de Investigaciones (AEI), en coordinaci\u00f3n con efectivos de la Secretar\u00eda de la Defensa Nacional (DEFENSA), la Secretar\u00eda de Marina (SEMAR) y la Polic\u00eda Estatal, quienes brindaron seguridad perimetral durante las intervenciones.<\/p>\n\n\n\n<p>Los mandatos judiciales se ejecutaron en dos domicilios ubicados en la comunidad de El Santo, perteneciente al municipio de Santiago Jamiltepec, en el marco de las investigaciones por el delito de homicidio calificado con ventaja, en agravio de las v\u00edctimas.<\/p>\n\n\n\n<p>Como resultado de estos operativos, fueron detenidos dos hombres identificados como C.G.H. y C.R.M., quienes fueron puestos a disposici\u00f3n de la autoridad ministerial correspondiente, a fin de que se determine su situaci\u00f3n jur\u00eddica legal.<\/p>\n\n\n\n<p>La Fiscal\u00eda General del Estado de Oaxaca reiter\u00f3 que las personas detenidas se presumen inocentes mientras no se declare su responsabilidad mediante sentencia emitida por la autoridad judicial, y reafirm\u00f3 su compromiso de realizar investigaciones exhaustivas, con estricto apego a la ley, para garantizar a las v\u00edctimas directas e indirectas el pleno acceso a la justicia.<\/p>\n\n\n\n<figure class=\"wp-block-image size-large\"><img fetchpriority=\"high\" decoding=\"async\" width=\"1024\" height=\"687\" src=\"https:\/\/portal.fgeo.gob.mx\/minio\/pagina\/wp-content\/uploads\/2026\/05\/FOTO-RECTANGULAR-DETENIDOS-1024x687.jpg\" alt=\"\" class=\"wp-image-23096\" srcset=\"https:\/\/portal.fgeo.gob.mx\/minio\/pagina\/wp-content\/uploads\/2026\/05\/FOTO-RECTANGULAR-DETENIDOS-1024x687.jpg 1024w, https:\/\/portal.fgeo.gob.mx\/minio\/pagina\/wp-content\/uploads\/2026\/05\/FOTO-RECTANGULAR-DETENIDOS-300x201.jpg 300w, https:\/\/portal.fgeo.gob.mx\/minio\/pagina\/wp-content\/uploads\/2026\/05\/FOTO-RECTANGULAR-DETENIDOS-768x515.jpg 768w, https:\/\/portal.fgeo.gob.mx\/minio\/pagina\/wp-content\/uploads\/2026\/05\/FOTO-RECTANGULAR-DETENIDOS.jpg 1360w\" sizes=\"(max-width: 1024px) 100vw, 1024px\" \/><figcaption class=\"wp-element-caption\">FOTO RECTANGULAR DETENIDOS &#8211; 1<\/figcaption><\/figure>\n","protected":false},"author":2,"featured_media":0,"comment_status":"closed","ping_status":"closed","template":"","tags":[],"categoria_noticias":[],"class_list":["post-23095","noticias","type-noticias","status-publish","hentry"],"acf":[],"mb":[],"mfb_rest_fields":["title","gutenberg_elementor_mode"],"_links":{"self":[{"href":"https:\/\/portal.fgeo.gob.mx\/index.php\/wp-json\/wp\/v2\/noticias\/23095","targetHints":{"allow":["GET"]}}],"collection":[{"href":"https:\/\/portal.fgeo.gob.mx\/index.php\/wp-json\/wp\/v2\/noticias"}],"about":[{"href":"https:\/\/portal.fgeo.gob.mx\/index.php\/wp-json\/wp\/v2\/types\/noticias"}],"author":[{"embeddable":true,"href":"https:\/\/portal.fgeo.gob.mx\/index.php\/wp-json\/wp\/v2\/users\/2"}],"replies":[{"embeddable":true,"href":"https:\/\/portal.fgeo.gob.mx\/index.php\/wp-json\/wp\/v2\/comments?post=23095"}],"wp:attachment":[{"href":"https:\/\/portal.fgeo.gob.mx\/index.php\/wp-json\/wp\/v2\/media?parent=23095"}],"wp:term":[{"taxonomy":"post_tag","embeddable":true,"href":"https:\/\/portal.fgeo.gob.mx\/index.php\/wp-json\/wp\/v2\/tags?post=23095"},{"taxonomy":"categoria_noticias","embeddable":true,"href":"https:\/\/portal.fgeo.gob.mx\/index.php\/wp-json\/wp\/v2\/categoria_noticias?post=23095"}],"curies":[{"name":"wp","href":"https:\/\/api.w.org\/{rel}","templated":true}]}}