{"id":23089,"date":"2026-05-01T08:09:42","date_gmt":"2026-05-01T14:09:42","guid":{"rendered":"https:\/\/portal.fgeo.gob.mx\/?post_type=noticias&#038;p=23089"},"modified":"2026-05-01T08:09:42","modified_gmt":"2026-05-01T14:09:42","slug":"boletin-2412-coordinacion-interinstitucional-permite-cumplimiento-de-orden-de-aprehension-por-homicidio-en-agravio-de-dos-personas-cometido-en-la-region-de-la-cuenca-fiscalia-de-oaxaca","status":"publish","type":"noticias","link":"https:\/\/portal.fgeo.gob.mx\/index.php\/archivos\/noticias\/boletin-2412-coordinacion-interinstitucional-permite-cumplimiento-de-orden-de-aprehension-por-homicidio-en-agravio-de-dos-personas-cometido-en-la-region-de-la-cuenca-fiscalia-de-oaxaca","title":{"rendered":"BOLET\u00cdN 2,412.- Coordinaci\u00f3n interinstitucional permite cumplimiento de orden de aprehensi\u00f3n por homicidio en agravio de dos personas, cometido en la regi\u00f3n de la Cuenca: Fiscal\u00eda de Oaxaca"},"content":{"rendered":"\n<p>Oaxaca de Ju\u00e1rez, Oax., a 1 de mayo de 2026.- La investigaci\u00f3n ministerial especializada en delitos de alto impacto que realiza la Fiscal\u00eda General del Estado de Oaxaca (FGEO), as\u00ed como el trabajo de colaboraci\u00f3n interinstitucional con la Fiscal\u00eda General de Quer\u00e9taro, permitieron ejecutar una orden de aprehensi\u00f3n en contra de una persona del sexo masculino identificada como R.D.S., por su probable responsabilidad en el delito de homicidio calificado, en hechos ocurridos en la regi\u00f3n de la Cuenca.<\/p>\n\n\n\n<p>De acuerdo con el expediente penal, los hechos se registraron el 20 de enero de 2018, cuando las v\u00edctimas circulaban a bordo de una motocicleta sobre la carretera federal Tuxtepec\u2013Ingenio Adolfo L\u00f3pez Mateos, a la altura de la colonia 23 de Noviembre.&nbsp;<\/p>\n\n\n\n<p>Las investigaciones ministeriales establecen que, en ese punto, las v\u00edctimas habr\u00edan sido impactadas por una camioneta tipo Nissan, lo que les provoc\u00f3 lesiones que derivaron en la p\u00e9rdida de la vida. Asimismo, una de las v\u00edctimas habr\u00eda quedado debajo del veh\u00edculo, siendo arrastrada varios metros sobre la carpeta asf\u00e1ltica.&nbsp;<\/p>\n\n\n\n<p>Derivado de diversos actos de investigaci\u00f3n realizados por la Vicefiscal\u00eda Regional de la Cuenca, se logr\u00f3 establecer la posible ubicaci\u00f3n del imputado en el estado de Quer\u00e9taro, por lo que se solicit\u00f3 la colaboraci\u00f3n interinstitucional para su localizaci\u00f3n y detenci\u00f3n.&nbsp;<\/p>\n\n\n\n<p>La ejecuci\u00f3n del mandato judicial fue realizada por elementos de la Agencia Estatal de Investigaciones (AEI), en coordinaci\u00f3n con Agentes de Investigaci\u00f3n de la Fiscal\u00eda de Quer\u00e9taro.&nbsp;<\/p>\n\n\n\n<p>Tras la detenci\u00f3n, se iniciaron los tr\u00e1mites legales correspondientes para su traslado al estado de Oaxaca, donde ser\u00e1 puesto a disposici\u00f3n de la autoridad competente, que determinar\u00e1 su situaci\u00f3n jur\u00eddica.<\/p>\n\n\n\n<p>La Fiscal\u00eda General del Estado de Oaxaca reitera su compromiso de trabajar de manera coordinada con las Fiscal\u00edas de otras entidades del pa\u00eds para que las v\u00edctimas tengan pleno acceso a la justicia y la reparaci\u00f3n del da\u00f1o.<\/p>\n\n\n\n<figure class=\"wp-block-image size-large\"><img fetchpriority=\"high\" decoding=\"async\" width=\"661\" height=\"1024\" src=\"https:\/\/portal.fgeo.gob.mx\/minio\/pagina\/wp-content\/uploads\/2026\/05\/WhatsApp-Image-2026-05-01-at-8.03.03-AM-661x1024.jpeg\" alt=\"\" class=\"wp-image-23090\" srcset=\"https:\/\/portal.fgeo.gob.mx\/minio\/pagina\/wp-content\/uploads\/2026\/05\/WhatsApp-Image-2026-05-01-at-8.03.03-AM-661x1024.jpeg 661w, https:\/\/portal.fgeo.gob.mx\/minio\/pagina\/wp-content\/uploads\/2026\/05\/WhatsApp-Image-2026-05-01-at-8.03.03-AM-194x300.jpeg 194w, https:\/\/portal.fgeo.gob.mx\/minio\/pagina\/wp-content\/uploads\/2026\/05\/WhatsApp-Image-2026-05-01-at-8.03.03-AM-768x1189.jpeg 768w, https:\/\/portal.fgeo.gob.mx\/minio\/pagina\/wp-content\/uploads\/2026\/05\/WhatsApp-Image-2026-05-01-at-8.03.03-AM.jpeg 879w\" sizes=\"(max-width: 661px) 100vw, 661px\" \/><\/figure>\n","protected":false},"author":2,"featured_media":0,"comment_status":"closed","ping_status":"closed","template":"","tags":[],"categoria_noticias":[],"class_list":["post-23089","noticias","type-noticias","status-publish","hentry"],"acf":[],"mb":[],"mfb_rest_fields":["title","gutenberg_elementor_mode"],"_links":{"self":[{"href":"https:\/\/portal.fgeo.gob.mx\/index.php\/wp-json\/wp\/v2\/noticias\/23089","targetHints":{"allow":["GET"]}}],"collection":[{"href":"https:\/\/portal.fgeo.gob.mx\/index.php\/wp-json\/wp\/v2\/noticias"}],"about":[{"href":"https:\/\/portal.fgeo.gob.mx\/index.php\/wp-json\/wp\/v2\/types\/noticias"}],"author":[{"embeddable":true,"href":"https:\/\/portal.fgeo.gob.mx\/index.php\/wp-json\/wp\/v2\/users\/2"}],"replies":[{"embeddable":true,"href":"https:\/\/portal.fgeo.gob.mx\/index.php\/wp-json\/wp\/v2\/comments?post=23089"}],"wp:attachment":[{"href":"https:\/\/portal.fgeo.gob.mx\/index.php\/wp-json\/wp\/v2\/media?parent=23089"}],"wp:term":[{"taxonomy":"post_tag","embeddable":true,"href":"https:\/\/portal.fgeo.gob.mx\/index.php\/wp-json\/wp\/v2\/tags?post=23089"},{"taxonomy":"categoria_noticias","embeddable":true,"href":"https:\/\/portal.fgeo.gob.mx\/index.php\/wp-json\/wp\/v2\/categoria_noticias?post=23089"}],"curies":[{"name":"wp","href":"https:\/\/api.w.org\/{rel}","templated":true}]}}