{"id":23087,"date":"2026-04-30T18:29:35","date_gmt":"2026-05-01T00:29:35","guid":{"rendered":"https:\/\/portal.fgeo.gob.mx\/?post_type=noticias&#038;p=23087"},"modified":"2026-04-30T18:29:35","modified_gmt":"2026-05-01T00:29:35","slug":"boletin-2411-fiscalia-de-oaxaca-ejecuta-orden-de-aprehension-y-detiene-a-un-hombre-por-el-delito-de-violencia-familiar-en-la-costa","status":"publish","type":"noticias","link":"https:\/\/portal.fgeo.gob.mx\/index.php\/archivos\/noticias\/boletin-2411-fiscalia-de-oaxaca-ejecuta-orden-de-aprehension-y-detiene-a-un-hombre-por-el-delito-de-violencia-familiar-en-la-costa","title":{"rendered":"BOLET\u00cdN 2,411.- Fiscal\u00eda de Oaxaca ejecuta orden de aprehensi\u00f3n y detiene a un hombre por el delito de violencia familiar en la Costa"},"content":{"rendered":"\n<p><strong>Oaxaca de Ju\u00e1rez, Oax., 30 de abril de 2026.- <\/strong>La Fiscal\u00eda General del Estado de Oaxaca (FGEO) dio cumplimiento a una orden de aprehensi\u00f3n que permiti\u00f3 la detenci\u00f3n de una persona del sexo masculino identificado como R.R.C.C.,&nbsp; por el su probable responsabilidad en el delito de violencia familiar, en hechos ocurridos en la regi\u00f3n de la Costa.<\/p>\n\n\n\n<p>De acuerdo con el expediente penal del caso, los hechos se registraron el 27 de marzo de 2024, cuando la v\u00edctima, una mujer cuya identidad est\u00e1 reservada por ley-, se encontraba en su domicilio en compa\u00f1\u00eda de familiares.<\/p>\n\n\n\n<p>La investigaci\u00f3n detalla que en ese momento, una persona arrib\u00f3 al lugar y presuntamente comenz\u00f3 a agredirla verbalmente con expresiones ofensivas; posteriormente, se dirigi\u00f3 a la cocina, donde tom\u00f3 un objeto punzocortante con el que la habr\u00eda amenazado de muerte, generando un contexto de violencia y temor.<\/p>\n\n\n\n<p>Las investigaciones establecen que este comportamiento se dio en el marco de una relaci\u00f3n de pareja caracterizada por conflictos previos, lo que deriv\u00f3 en que la v\u00edctima decidiera denunciar los hechos ante el Ministerio P\u00fablico, inici\u00e1ndose as\u00ed la carpeta de investigaci\u00f3n correspondiente.<\/p>\n\n\n\n<p>Tras la integraci\u00f3n del expediente y la investigaci\u00f3n de la Vicefiscal\u00eda Regional de la Costa, la FGEO obtuvo del Juez de Control el mandato judicial que permiti\u00f3 la detenci\u00f3n de R.R.C.C.<\/p>\n\n\n\n<p>Luego de su aprehensi\u00f3n, la persona detenida fue trasladada a las instalaciones de la Vicefiscal\u00eda Regional de la Costa, donde qued\u00f3 a disposici\u00f3n de la autoridad judicial competente, quien determinar\u00e1 su situaci\u00f3n jur\u00eddica conforme a derecho.<\/p>\n\n\n\n<p>La Fiscal\u00eda de Oaxaca reitera su compromiso de actuar con firmeza en la atenci\u00f3n y combate a la violencia familiar, garantizando el acceso a la justicia y la protecci\u00f3n de las v\u00edctimas.<\/p>\n\n\n\n<figure class=\"wp-block-gallery has-nested-images columns-default is-cropped wp-block-gallery-1 is-layout-flex wp-block-gallery-is-layout-flex\">\n<figure class=\"wp-block-image size-large\"><img fetchpriority=\"high\" decoding=\"async\" width=\"819\" height=\"1024\" data-id=\"23088\" src=\"https:\/\/portal.fgeo.gob.mx\/minio\/pagina\/wp-content\/uploads\/2026\/04\/1-3-819x1024.jpg\" alt=\"\" class=\"wp-image-23088\" srcset=\"https:\/\/portal.fgeo.gob.mx\/minio\/pagina\/wp-content\/uploads\/2026\/04\/1-3-819x1024.jpg 819w, https:\/\/portal.fgeo.gob.mx\/minio\/pagina\/wp-content\/uploads\/2026\/04\/1-3-240x300.jpg 240w, https:\/\/portal.fgeo.gob.mx\/minio\/pagina\/wp-content\/uploads\/2026\/04\/1-3-768x960.jpg 768w, https:\/\/portal.fgeo.gob.mx\/minio\/pagina\/wp-content\/uploads\/2026\/04\/1-3.jpg 1080w\" sizes=\"(max-width: 819px) 100vw, 819px\" \/><\/figure>\n<\/figure>\n","protected":false},"author":2,"featured_media":0,"comment_status":"closed","ping_status":"closed","template":"","tags":[],"categoria_noticias":[],"class_list":["post-23087","noticias","type-noticias","status-publish","hentry"],"acf":[],"mb":[],"mfb_rest_fields":["title","gutenberg_elementor_mode"],"_links":{"self":[{"href":"https:\/\/portal.fgeo.gob.mx\/index.php\/wp-json\/wp\/v2\/noticias\/23087","targetHints":{"allow":["GET"]}}],"collection":[{"href":"https:\/\/portal.fgeo.gob.mx\/index.php\/wp-json\/wp\/v2\/noticias"}],"about":[{"href":"https:\/\/portal.fgeo.gob.mx\/index.php\/wp-json\/wp\/v2\/types\/noticias"}],"author":[{"embeddable":true,"href":"https:\/\/portal.fgeo.gob.mx\/index.php\/wp-json\/wp\/v2\/users\/2"}],"replies":[{"embeddable":true,"href":"https:\/\/portal.fgeo.gob.mx\/index.php\/wp-json\/wp\/v2\/comments?post=23087"}],"wp:attachment":[{"href":"https:\/\/portal.fgeo.gob.mx\/index.php\/wp-json\/wp\/v2\/media?parent=23087"}],"wp:term":[{"taxonomy":"post_tag","embeddable":true,"href":"https:\/\/portal.fgeo.gob.mx\/index.php\/wp-json\/wp\/v2\/tags?post=23087"},{"taxonomy":"categoria_noticias","embeddable":true,"href":"https:\/\/portal.fgeo.gob.mx\/index.php\/wp-json\/wp\/v2\/categoria_noticias?post=23087"}],"curies":[{"name":"wp","href":"https:\/\/api.w.org\/{rel}","templated":true}]}}