{"id":23062,"date":"2026-04-30T11:30:00","date_gmt":"2026-04-30T17:30:00","guid":{"rendered":"https:\/\/portal.fgeo.gob.mx\/?post_type=noticias&#038;p=23062"},"modified":"2026-04-30T10:53:48","modified_gmt":"2026-04-30T16:53:48","slug":"boletin-2410-fiscalia-de-oaxaca-obtiene-vinculacion-a-proceso-y-prision-preventiva-contra-imputado-por-presunto-robo-con-violencia-cometido-en-la-capital-oaxaquena","status":"publish","type":"noticias","link":"https:\/\/portal.fgeo.gob.mx\/index.php\/archivos\/noticias\/boletin-2410-fiscalia-de-oaxaca-obtiene-vinculacion-a-proceso-y-prision-preventiva-contra-imputado-por-presunto-robo-con-violencia-cometido-en-la-capital-oaxaquena","title":{"rendered":"BOLET\u00cdN 2,410.- Fiscal\u00eda de Oaxaca obtiene vinculaci\u00f3n a proceso y prisi\u00f3n preventiva contra imputado por presunto robo con violencia cometido en la capital oaxaque\u00f1a"},"content":{"rendered":"\n<p>Oaxaca de Ju\u00e1rez a 30 de abril de 2026.-&nbsp; La Fiscal\u00eda General del Estado de Oaxaca (FGEO) obtuvo auto de vinculaci\u00f3n a proceso y prisi\u00f3n preventiva en contra de una persona del sexo masculino identificada como M.E.L.P., se\u00f1alado por el delito de robo con violencia, en hechos ocurridos en la ciudad de Oaxaca de Ju\u00e1rez.&nbsp;<\/p>\n\n\n\n<p>Los hechos se registraron el 21 de abril de 2026, en la intersecci\u00f3n de la calle Galeana y Avenida Perif\u00e9rico, del municipio de Oaxaca de Ju\u00e1rez.<\/p>\n\n\n\n<p>De acuerdo con la denuncia presentada, la v\u00edctima, caminaba en ese zona, mientras utilizaba un tel\u00e9fono celular, cuando presuntamente una persona se aproxim\u00f3 y le arrebat\u00f3 el dispositivo, adem\u00e1s de empujarla para posteriormente intentar huir del lugar con direcci\u00f3n a la calle Diagonal de Mercaderes de la Central de Abasto.&nbsp;&nbsp;<\/p>\n\n\n\n<p>Tras solicitar apoyo a elementos policiales, se despleg\u00f3 un operativo que permiti\u00f3 la localizaci\u00f3n y detenci\u00f3n de una persona, quien fue puesta a disposici\u00f3n de la autoridad ministerial correspondiente para definir su situaci\u00f3n jur\u00eddica.<\/p>\n\n\n\n<p>Durante una audiencia y despu\u00e9s de valorar las pruebas presentadas por la FGEO a trav\u00e9s de la Vicefiscal\u00eda de Valles Centrales, el Juez de la causa determin\u00f3 vincular a proceso a M.E.L.P., por su probable participaci\u00f3n en el delito de robo con violencia, adem\u00e1s de imponer la medida cautelar de prisi\u00f3n preventiva, y otorgar el plazo de un mes para el cierre de la investigaci\u00f3n complementaria.&nbsp;<\/p>\n\n\n\n<p>La Fiscal\u00eda General del Estado de Oaxaca subraya que realiza investigaciones integrales, multidisciplinarias y con rigor cient\u00edfico para brindar a las v\u00edctimas directas e indirectas de los delitos procesos de procuraci\u00f3n de justicia eficaces.<\/p>\n\n\n\n<figure class=\"wp-block-gallery has-nested-images columns-default is-cropped wp-block-gallery-1 is-layout-flex wp-block-gallery-is-layout-flex\">\n<figure class=\"wp-block-image size-large\"><img fetchpriority=\"high\" decoding=\"async\" width=\"819\" height=\"1024\" data-id=\"23063\" src=\"https:\/\/portal.fgeo.gob.mx\/minio\/pagina\/wp-content\/uploads\/2026\/04\/BOLETIN-2410.-Fiscalia-de-Oaxaca-obtiene-vinculacion-a-proceso-y-prision-preventiva-contra-imputado-por-presunto-robo-con-violencia-cometido-en-la-capital-oaxaquena-819x1024.jpg\" alt=\"\" class=\"wp-image-23063\" srcset=\"https:\/\/portal.fgeo.gob.mx\/minio\/pagina\/wp-content\/uploads\/2026\/04\/BOLETIN-2410.-Fiscalia-de-Oaxaca-obtiene-vinculacion-a-proceso-y-prision-preventiva-contra-imputado-por-presunto-robo-con-violencia-cometido-en-la-capital-oaxaquena-819x1024.jpg 819w, https:\/\/portal.fgeo.gob.mx\/minio\/pagina\/wp-content\/uploads\/2026\/04\/BOLETIN-2410.-Fiscalia-de-Oaxaca-obtiene-vinculacion-a-proceso-y-prision-preventiva-contra-imputado-por-presunto-robo-con-violencia-cometido-en-la-capital-oaxaquena-240x300.jpg 240w, https:\/\/portal.fgeo.gob.mx\/minio\/pagina\/wp-content\/uploads\/2026\/04\/BOLETIN-2410.-Fiscalia-de-Oaxaca-obtiene-vinculacion-a-proceso-y-prision-preventiva-contra-imputado-por-presunto-robo-con-violencia-cometido-en-la-capital-oaxaquena-768x960.jpg 768w, https:\/\/portal.fgeo.gob.mx\/minio\/pagina\/wp-content\/uploads\/2026\/04\/BOLETIN-2410.-Fiscalia-de-Oaxaca-obtiene-vinculacion-a-proceso-y-prision-preventiva-contra-imputado-por-presunto-robo-con-violencia-cometido-en-la-capital-oaxaquena.jpg 1080w\" sizes=\"(max-width: 819px) 100vw, 819px\" \/><\/figure>\n<\/figure>\n","protected":false},"author":2,"featured_media":0,"comment_status":"closed","ping_status":"closed","template":"","tags":[],"categoria_noticias":[],"class_list":["post-23062","noticias","type-noticias","status-publish","hentry"],"acf":[],"mb":[],"mfb_rest_fields":["title","gutenberg_elementor_mode"],"_links":{"self":[{"href":"https:\/\/portal.fgeo.gob.mx\/index.php\/wp-json\/wp\/v2\/noticias\/23062","targetHints":{"allow":["GET"]}}],"collection":[{"href":"https:\/\/portal.fgeo.gob.mx\/index.php\/wp-json\/wp\/v2\/noticias"}],"about":[{"href":"https:\/\/portal.fgeo.gob.mx\/index.php\/wp-json\/wp\/v2\/types\/noticias"}],"author":[{"embeddable":true,"href":"https:\/\/portal.fgeo.gob.mx\/index.php\/wp-json\/wp\/v2\/users\/2"}],"replies":[{"embeddable":true,"href":"https:\/\/portal.fgeo.gob.mx\/index.php\/wp-json\/wp\/v2\/comments?post=23062"}],"wp:attachment":[{"href":"https:\/\/portal.fgeo.gob.mx\/index.php\/wp-json\/wp\/v2\/media?parent=23062"}],"wp:term":[{"taxonomy":"post_tag","embeddable":true,"href":"https:\/\/portal.fgeo.gob.mx\/index.php\/wp-json\/wp\/v2\/tags?post=23062"},{"taxonomy":"categoria_noticias","embeddable":true,"href":"https:\/\/portal.fgeo.gob.mx\/index.php\/wp-json\/wp\/v2\/categoria_noticias?post=23062"}],"curies":[{"name":"wp","href":"https:\/\/api.w.org\/{rel}","templated":true}]}}