{"id":23057,"date":"2026-04-29T19:05:08","date_gmt":"2026-04-30T01:05:08","guid":{"rendered":"https:\/\/portal.fgeo.gob.mx\/?post_type=noticias&#038;p=23057"},"modified":"2026-04-29T19:05:08","modified_gmt":"2026-04-30T01:05:08","slug":"boletin-2408-fiscalia-de-oaxaca-y-gabinete-de-seguridad-activan-protocolos-para-rastreo-e-identificacion-de-responsables-de-asalto-ocurrido-en-plaza-del-valle","status":"publish","type":"noticias","link":"https:\/\/portal.fgeo.gob.mx\/index.php\/archivos\/noticias\/boletin-2408-fiscalia-de-oaxaca-y-gabinete-de-seguridad-activan-protocolos-para-rastreo-e-identificacion-de-responsables-de-asalto-ocurrido-en-plaza-del-valle","title":{"rendered":"BOLET\u00cdN 2,408.- Fiscal\u00eda de Oaxaca y Gabinete de Seguridad activan protocolos para rastreo e identificaci\u00f3n de responsables de asalto ocurrido en Plaza del Valle"},"content":{"rendered":"\n<p>* Mediante el an\u00e1lisis de c\u00e1maras de seguridad, se identificaron preliminarmente a cuatro personas que huyeron a bordo de dos veh\u00edculos.<\/p>\n\n\n\n<p>* La Fiscal\u00eda de Oaxaca y corporaciones estatales mantienen una investigaci\u00f3n intensiva para dar con el paradero de los responsables.<\/p>\n\n\n\n<p>Oaxaca de Ju\u00e1rez, Oax., a 29 de abril de 2026.- La Fiscal\u00eda General del Estado de Oaxaca (FGEO) junto con el Gabinete de Seguridad, activaron protocolos de b\u00fasqueda de alto impacto para trazar las rutas de escape de los probables responsables de una agresi\u00f3n armada y robo ocurrida esta tarde en las inmediaciones de Plaza del Valle.<\/p>\n\n\n\n<p>Tras el reporte de emergencia, se inici\u00f3 el seguimiento t\u00e9cnico de las unidades involucradas. Los primeros an\u00e1lisis de video permiten identificar la participaci\u00f3n de cuatro personas, quienes habr\u00edan huido del lugar a bordo de dos veh\u00edculos tras despojar de sus pertenencias y lesionar al ciudadano O. S. A.<\/p>\n\n\n\n<p>La Fiscal\u00eda de Oaxaca realiza investigaciones intensivas para localizar a los agresores, utilizando tecnolog\u00eda para robustecer la carpeta de investigaci\u00f3n.<\/p>\n\n\n\n<p>Paralelamente, se mantiene activo el protocolo de atenci\u00f3n a v\u00edctimas, asegurando que el afectado reciba atenci\u00f3n m\u00e9dica especializada en un centro hospitalario bajo vigilancia profesional.<\/p>\n","protected":false},"author":2,"featured_media":0,"comment_status":"closed","ping_status":"closed","template":"","tags":[],"categoria_noticias":[],"class_list":["post-23057","noticias","type-noticias","status-publish","hentry"],"acf":[],"mb":[],"mfb_rest_fields":["title","gutenberg_elementor_mode"],"_links":{"self":[{"href":"https:\/\/portal.fgeo.gob.mx\/index.php\/wp-json\/wp\/v2\/noticias\/23057","targetHints":{"allow":["GET"]}}],"collection":[{"href":"https:\/\/portal.fgeo.gob.mx\/index.php\/wp-json\/wp\/v2\/noticias"}],"about":[{"href":"https:\/\/portal.fgeo.gob.mx\/index.php\/wp-json\/wp\/v2\/types\/noticias"}],"author":[{"embeddable":true,"href":"https:\/\/portal.fgeo.gob.mx\/index.php\/wp-json\/wp\/v2\/users\/2"}],"replies":[{"embeddable":true,"href":"https:\/\/portal.fgeo.gob.mx\/index.php\/wp-json\/wp\/v2\/comments?post=23057"}],"wp:attachment":[{"href":"https:\/\/portal.fgeo.gob.mx\/index.php\/wp-json\/wp\/v2\/media?parent=23057"}],"wp:term":[{"taxonomy":"post_tag","embeddable":true,"href":"https:\/\/portal.fgeo.gob.mx\/index.php\/wp-json\/wp\/v2\/tags?post=23057"},{"taxonomy":"categoria_noticias","embeddable":true,"href":"https:\/\/portal.fgeo.gob.mx\/index.php\/wp-json\/wp\/v2\/categoria_noticias?post=23057"}],"curies":[{"name":"wp","href":"https:\/\/api.w.org\/{rel}","templated":true}]}}