{"id":23051,"date":"2026-04-29T11:30:00","date_gmt":"2026-04-29T17:30:00","guid":{"rendered":"https:\/\/portal.fgeo.gob.mx\/?post_type=noticias&#038;p=23051"},"modified":"2026-04-29T10:53:49","modified_gmt":"2026-04-29T16:53:49","slug":"boletin-2405-vinculan-a-proceso-a-mujer-por-narcomenudeo-en-la-region-costa","status":"publish","type":"noticias","link":"https:\/\/portal.fgeo.gob.mx\/index.php\/archivos\/noticias\/boletin-2405-vinculan-a-proceso-a-mujer-por-narcomenudeo-en-la-region-costa","title":{"rendered":"BOLET\u00cdN 2,405.- Vinculan a proceso a mujer por narcomenudeo en la regi\u00f3n de la Costa"},"content":{"rendered":"\n<p>Operativo permiti\u00f3 encontrar aproximadamente 120 dosis listas para distribuci\u00f3n<\/p>\n\n\n\n<p><strong>Oaxaca de Ju\u00e1rez, Oax., a 29 de abril de 2026.-&nbsp; <\/strong>La Fiscal\u00eda General del Estado de Oaxaca (FGEO) obtuvo la vinculaci\u00f3n a proceso de una mujer identificada como R.H.H., por su probable responsabilidad en el delito contra la salud en la modalidad de narcomenudeo, en su hip\u00f3tesis de suministro de coca\u00edna y metanfetamina, adem\u00e1s se localizaron aproximadamente 120 dosis individuales de drogas, las cuales estaban listas para su distribuci\u00f3n.<\/p>\n\n\n\n<p>Los hechos ocurrieron el 3 de abril de 2026, cuando elementos de la\u00a0 Polic\u00eda Estatal realizaban una inspecci\u00f3n de rutina a un veh\u00edculo que circulaba en el Barrio Chico de Santiago Jamiltepec, donde pudieron ubicar bajo el asiento del conductor, en la parte trasera del veh\u00edculo, una bolsa negra de nylon con aproximadamente 22 bolsitas transparentes con polvo blanco con caracter\u00edsticas similares a coca\u00edna.<\/p>\n\n\n\n<p>Mientras que en la cajuela, ocultas bajo la llanta de refacci\u00f3n, se encontr\u00f3 una bolsa con aproximadamente 98 bolsitas tipo ziploc con sustancia granulada similar al cristal, por lo que el veh\u00edculo fue asegurado, mientras que la conductora fue puesta a disposici\u00f3n de la autoridad ministerial.<\/p>\n\n\n\n<p>Tras una audiencia y despu\u00e9s de evaluar las pruebas presentadas por la Vicefiscal\u00eda Regional de la Costa,&nbsp; el Juez de la causa determin\u00f3 vincular a proceso de R.H.H., imponi\u00e9ndole prisi\u00f3n preventiva justificada como medida cautelar, adem\u00e1s de otorgar tres meses para la investigaci\u00f3n complementaria.<\/p>\n\n\n\n<p>La FGEO destaca que este resultado es producto del trabajo coordinado entre la Vicefiscal\u00eda Regional de la Costa y los Agentes Estatales de Investigaci\u00f3n, en el marco de la estrategia permanente de combate al narcomenudeo en las distintas regiones de Oaxaca.<\/p>\n\n\n\n<figure class=\"wp-block-gallery has-nested-images columns-default is-cropped wp-block-gallery-1 is-layout-flex wp-block-gallery-is-layout-flex\">\n<figure class=\"wp-block-image size-large\"><img fetchpriority=\"high\" decoding=\"async\" width=\"576\" height=\"1024\" data-id=\"23052\" src=\"https:\/\/portal.fgeo.gob.mx\/minio\/pagina\/wp-content\/uploads\/2026\/04\/DETENIDA-576x1024.jpg\" alt=\"\" class=\"wp-image-23052\" srcset=\"https:\/\/portal.fgeo.gob.mx\/minio\/pagina\/wp-content\/uploads\/2026\/04\/DETENIDA-576x1024.jpg 576w, https:\/\/portal.fgeo.gob.mx\/minio\/pagina\/wp-content\/uploads\/2026\/04\/DETENIDA-169x300.jpg 169w, https:\/\/portal.fgeo.gob.mx\/minio\/pagina\/wp-content\/uploads\/2026\/04\/DETENIDA-768x1365.jpg 768w, https:\/\/portal.fgeo.gob.mx\/minio\/pagina\/wp-content\/uploads\/2026\/04\/DETENIDA-864x1536.jpg 864w, https:\/\/portal.fgeo.gob.mx\/minio\/pagina\/wp-content\/uploads\/2026\/04\/DETENIDA.jpg 1080w\" sizes=\"(max-width: 576px) 100vw, 576px\" \/><\/figure>\n<\/figure>\n","protected":false},"author":2,"featured_media":0,"comment_status":"closed","ping_status":"closed","template":"","tags":[],"categoria_noticias":[],"class_list":["post-23051","noticias","type-noticias","status-publish","hentry"],"acf":[],"mb":[],"mfb_rest_fields":["title","gutenberg_elementor_mode"],"_links":{"self":[{"href":"https:\/\/portal.fgeo.gob.mx\/index.php\/wp-json\/wp\/v2\/noticias\/23051","targetHints":{"allow":["GET"]}}],"collection":[{"href":"https:\/\/portal.fgeo.gob.mx\/index.php\/wp-json\/wp\/v2\/noticias"}],"about":[{"href":"https:\/\/portal.fgeo.gob.mx\/index.php\/wp-json\/wp\/v2\/types\/noticias"}],"author":[{"embeddable":true,"href":"https:\/\/portal.fgeo.gob.mx\/index.php\/wp-json\/wp\/v2\/users\/2"}],"replies":[{"embeddable":true,"href":"https:\/\/portal.fgeo.gob.mx\/index.php\/wp-json\/wp\/v2\/comments?post=23051"}],"wp:attachment":[{"href":"https:\/\/portal.fgeo.gob.mx\/index.php\/wp-json\/wp\/v2\/media?parent=23051"}],"wp:term":[{"taxonomy":"post_tag","embeddable":true,"href":"https:\/\/portal.fgeo.gob.mx\/index.php\/wp-json\/wp\/v2\/tags?post=23051"},{"taxonomy":"categoria_noticias","embeddable":true,"href":"https:\/\/portal.fgeo.gob.mx\/index.php\/wp-json\/wp\/v2\/categoria_noticias?post=23051"}],"curies":[{"name":"wp","href":"https:\/\/api.w.org\/{rel}","templated":true}]}}