{"id":23047,"date":"2026-04-29T07:30:00","date_gmt":"2026-04-29T13:30:00","guid":{"rendered":"https:\/\/portal.fgeo.gob.mx\/?post_type=noticias&#038;p=23047"},"modified":"2026-04-29T07:16:21","modified_gmt":"2026-04-29T13:16:21","slug":"boletin-2404-fiscalia-de-oaxaca-y-gabinete-de-seguridad-detienen-a-dos-personas-por-homicidio-de-sindico-municipal-de-la-mixteca","status":"publish","type":"noticias","link":"https:\/\/portal.fgeo.gob.mx\/index.php\/archivos\/noticias\/boletin-2404-fiscalia-de-oaxaca-y-gabinete-de-seguridad-detienen-a-dos-personas-por-homicidio-de-sindico-municipal-de-la-mixteca","title":{"rendered":"BOLET\u00cdN 2,404.- Fiscal\u00eda de Oaxaca y Gabinete de Seguridad detienen a dos personas por homicidio de s\u00edndico municipal de la Mixteca"},"content":{"rendered":"\n<p><em>* La captura de L. \u00c1. M. R. y J. R. F. o J. M. G. M. se realiz\u00f3 a solo 72 horas de la agresi\u00f3n<\/em><\/p>\n\n\n\n<p><em>* El trabajo conjunto permiti\u00f3 la vinculaci\u00f3n a proceso y la imposici\u00f3n de prisi\u00f3n preventiva oficiosa<\/em><\/p>\n\n\n\n<p><strong>Oaxaca de Ju\u00e1rez, Oax., a 29 de abril de 2026.-<\/strong> Como resultado de una intervenci\u00f3n t\u00e1ctica y la suma de capacidades operativas, la Fiscal\u00eda General del Estado de Oaxaca (FGEO) y el Gabinete de Seguridad lograron la detenci\u00f3n de L. \u00c1. M. R. y J. R. F. o J. M. G. M., se\u00f1alados como probables responsables del homicidio de F.C.G., quien se desempe\u00f1aba como S\u00edndico de Zaragoza Yucunicoco.<\/p>\n\n\n\n<p>La respuesta institucional se activ\u00f3 tras los hechos registrados el 12 de abril de 2026, en la carretera local n\u00famero 15, tramo Santiago Juxtlahuaca-Putla de Guerrero, donde la v\u00edctima fue interceptada y agredida con armas de fuego largas.<\/p>\n\n\n\n<p>Gracias a la eficacia de la investigaci\u00f3n criminal, la Vicefiscal\u00eda Regional de la Mixteca obtuvo las \u00f3rdenes de aprehensi\u00f3n que permitieron la detenci\u00f3n legal de L. \u00c1. M. R. y J. R. F. o J. M. G. M.<\/p>\n\n\n\n<p>Tras ser presentados ante el Juez de Control, los imputados fueron vinculados a proceso bajo la medida cautelar de prisi\u00f3n preventiva, reafirmando el compromiso del Estado de garantizar justicia pronta y expedita en delitos de alto impacto.<\/p>\n\n\n\n<figure class=\"wp-block-gallery has-nested-images columns-default is-cropped wp-block-gallery-1 is-layout-flex wp-block-gallery-is-layout-flex\">\n<figure class=\"wp-block-image size-large\"><img fetchpriority=\"high\" decoding=\"async\" width=\"819\" height=\"1024\" data-id=\"23048\" src=\"https:\/\/portal.fgeo.gob.mx\/minio\/pagina\/wp-content\/uploads\/2026\/04\/FOTO-1-6-819x1024.jpg\" alt=\"\" class=\"wp-image-23048\" srcset=\"https:\/\/portal.fgeo.gob.mx\/minio\/pagina\/wp-content\/uploads\/2026\/04\/FOTO-1-6-819x1024.jpg 819w, https:\/\/portal.fgeo.gob.mx\/minio\/pagina\/wp-content\/uploads\/2026\/04\/FOTO-1-6-240x300.jpg 240w, https:\/\/portal.fgeo.gob.mx\/minio\/pagina\/wp-content\/uploads\/2026\/04\/FOTO-1-6-768x960.jpg 768w, https:\/\/portal.fgeo.gob.mx\/minio\/pagina\/wp-content\/uploads\/2026\/04\/FOTO-1-6.jpg 1080w\" sizes=\"(max-width: 819px) 100vw, 819px\" \/><\/figure>\n\n\n\n<figure class=\"wp-block-image size-large\"><img decoding=\"async\" width=\"819\" height=\"1024\" data-id=\"23049\" src=\"https:\/\/portal.fgeo.gob.mx\/minio\/pagina\/wp-content\/uploads\/2026\/04\/FOTO-6-819x1024.jpg\" alt=\"\" class=\"wp-image-23049\" srcset=\"https:\/\/portal.fgeo.gob.mx\/minio\/pagina\/wp-content\/uploads\/2026\/04\/FOTO-6-819x1024.jpg 819w, https:\/\/portal.fgeo.gob.mx\/minio\/pagina\/wp-content\/uploads\/2026\/04\/FOTO-6-240x300.jpg 240w, https:\/\/portal.fgeo.gob.mx\/minio\/pagina\/wp-content\/uploads\/2026\/04\/FOTO-6-768x960.jpg 768w, https:\/\/portal.fgeo.gob.mx\/minio\/pagina\/wp-content\/uploads\/2026\/04\/FOTO-6.jpg 1080w\" sizes=\"(max-width: 819px) 100vw, 819px\" \/><\/figure>\n<\/figure>\n","protected":false},"author":2,"featured_media":0,"comment_status":"closed","ping_status":"closed","template":"","tags":[],"categoria_noticias":[],"class_list":["post-23047","noticias","type-noticias","status-publish","hentry"],"acf":[],"mb":[],"mfb_rest_fields":["title","gutenberg_elementor_mode"],"_links":{"self":[{"href":"https:\/\/portal.fgeo.gob.mx\/index.php\/wp-json\/wp\/v2\/noticias\/23047","targetHints":{"allow":["GET"]}}],"collection":[{"href":"https:\/\/portal.fgeo.gob.mx\/index.php\/wp-json\/wp\/v2\/noticias"}],"about":[{"href":"https:\/\/portal.fgeo.gob.mx\/index.php\/wp-json\/wp\/v2\/types\/noticias"}],"author":[{"embeddable":true,"href":"https:\/\/portal.fgeo.gob.mx\/index.php\/wp-json\/wp\/v2\/users\/2"}],"replies":[{"embeddable":true,"href":"https:\/\/portal.fgeo.gob.mx\/index.php\/wp-json\/wp\/v2\/comments?post=23047"}],"wp:attachment":[{"href":"https:\/\/portal.fgeo.gob.mx\/index.php\/wp-json\/wp\/v2\/media?parent=23047"}],"wp:term":[{"taxonomy":"post_tag","embeddable":true,"href":"https:\/\/portal.fgeo.gob.mx\/index.php\/wp-json\/wp\/v2\/tags?post=23047"},{"taxonomy":"categoria_noticias","embeddable":true,"href":"https:\/\/portal.fgeo.gob.mx\/index.php\/wp-json\/wp\/v2\/categoria_noticias?post=23047"}],"curies":[{"name":"wp","href":"https:\/\/api.w.org\/{rel}","templated":true}]}}