{"id":23042,"date":"2026-04-28T17:29:09","date_gmt":"2026-04-28T23:29:09","guid":{"rendered":"https:\/\/portal.fgeo.gob.mx\/?post_type=noticias&#038;p=23042"},"modified":"2026-04-28T17:29:09","modified_gmt":"2026-04-28T23:29:09","slug":"boletin-2403-fiscalia-de-oaxaca-detiene-a-una-persona-por-violencia-patrimonial-cometido-en-establecimiento-denominado-los-combinados","status":"publish","type":"noticias","link":"https:\/\/portal.fgeo.gob.mx\/index.php\/archivos\/noticias\/boletin-2403-fiscalia-de-oaxaca-detiene-a-una-persona-por-violencia-patrimonial-cometido-en-establecimiento-denominado-los-combinados","title":{"rendered":"BOLET\u00cdN 2,403.-Fiscal\u00eda de Oaxaca detiene a una persona por violencia patrimonial, cometido en establecimiento denominado \u201cLos Combinados\u201d"},"content":{"rendered":"\n<p>Oaxaca de Ju\u00e1rez, Oax., 28 de abril de 2026.- La Fiscal\u00eda General del Estado de Oaxaca (FGEO) dio cumplimiento a una orden de aprehensi\u00f3n en contra de una persona del sexo masculino identificada por las iniciales R.R.G., por el delito de violencia familiar en su vertiente patrimonial, en hechos ocurridos en la ciudad de Oaxaca.<\/p>\n\n\n\n<p>La detenci\u00f3n de R.R.G., se realiz\u00f3 este 28 de abril de 2026, derivado de hechos denunciados por la v\u00edctima, lo que permiti\u00f3 iniciar las investigaciones correspondientes a trav\u00e9s de la Fiscal\u00eda Especializada para la Atenci\u00f3n a Delitos contra la Mujer por Raz\u00f3n de G\u00e9nero y obtener el mandato judicial.<\/p>\n\n\n\n<p>De acuerdo con el expediente penal, los hechos se registraron el 30 de abril de 2025, en un establecimiento comercial denominado \u201cLos Combinados\u201d ubicado sobre la calle Emilio Carranza, en la colonia Reforma, en Oaxaca de Ju\u00e1rez.<\/p>\n\n\n\n<p>Seg\u00fan la denuncia presentada, la v\u00edctima -una mujer identificada como E.J.L.-, intent\u00f3 ingresar a una oficina localizada al interior del negocio, momento en el que se percat\u00f3 que los candados hab\u00edan sido cambiados, lo que le habr\u00eda impedido recuperar diversos bienes materiales y herramientas de trabajo que se encontraban en el lugar.<\/p>\n\n\n\n<p>Entre los objetos referidos se encuentran equipos y materiales de mantenimiento, cuyo valor estimado asciende a m\u00e1s de un mill\u00f3n de pesos.<\/p>\n\n\n\n<p>Tras su detenci\u00f3n, R.R.G., fue puesto a disposici\u00f3n de la autoridad correspondiente para determinar su situaci\u00f3n jur\u00eddica legal.<\/p>\n\n\n\n<p>La Fiscal\u00eda General del Estado de Oaxaca est\u00e1 comprometida con procurar justicia en forma eficaz, por ello, realiza investigaciones integrales con el fin de garantizar a las v\u00edctimas un adecuado acceso a la justicia.<\/p>\n\n\n\n<figure class=\"wp-block-gallery has-nested-images columns-default is-cropped wp-block-gallery-1 is-layout-flex wp-block-gallery-is-layout-flex\">\n<figure class=\"wp-block-image size-large\"><img fetchpriority=\"high\" decoding=\"async\" width=\"819\" height=\"1024\" data-id=\"23043\" src=\"https:\/\/portal.fgeo.gob.mx\/minio\/pagina\/wp-content\/uploads\/2026\/04\/FOTO-4-1-819x1024.jpg\" alt=\"\" class=\"wp-image-23043\" srcset=\"https:\/\/portal.fgeo.gob.mx\/minio\/pagina\/wp-content\/uploads\/2026\/04\/FOTO-4-1-819x1024.jpg 819w, https:\/\/portal.fgeo.gob.mx\/minio\/pagina\/wp-content\/uploads\/2026\/04\/FOTO-4-1-240x300.jpg 240w, https:\/\/portal.fgeo.gob.mx\/minio\/pagina\/wp-content\/uploads\/2026\/04\/FOTO-4-1-768x960.jpg 768w, https:\/\/portal.fgeo.gob.mx\/minio\/pagina\/wp-content\/uploads\/2026\/04\/FOTO-4-1.jpg 1080w\" sizes=\"(max-width: 819px) 100vw, 819px\" \/><\/figure>\n\n\n\n<figure class=\"wp-block-image size-large\"><img decoding=\"async\" width=\"1024\" height=\"576\" data-id=\"23044\" src=\"https:\/\/portal.fgeo.gob.mx\/minio\/pagina\/wp-content\/uploads\/2026\/04\/FOTO-3-2-1024x576.jpg\" alt=\"\" class=\"wp-image-23044\" srcset=\"https:\/\/portal.fgeo.gob.mx\/minio\/pagina\/wp-content\/uploads\/2026\/04\/FOTO-3-2-1024x576.jpg 1024w, https:\/\/portal.fgeo.gob.mx\/minio\/pagina\/wp-content\/uploads\/2026\/04\/FOTO-3-2-300x169.jpg 300w, https:\/\/portal.fgeo.gob.mx\/minio\/pagina\/wp-content\/uploads\/2026\/04\/FOTO-3-2-768x432.jpg 768w, https:\/\/portal.fgeo.gob.mx\/minio\/pagina\/wp-content\/uploads\/2026\/04\/FOTO-3-2-1536x864.jpg 1536w, https:\/\/portal.fgeo.gob.mx\/minio\/pagina\/wp-content\/uploads\/2026\/04\/FOTO-3-2.jpg 1920w\" sizes=\"(max-width: 1024px) 100vw, 1024px\" \/><\/figure>\n\n\n\n<figure class=\"wp-block-image size-large\"><img decoding=\"async\" width=\"1024\" height=\"576\" data-id=\"23045\" src=\"https:\/\/portal.fgeo.gob.mx\/minio\/pagina\/wp-content\/uploads\/2026\/04\/FOTO-2-3-1024x576.jpg\" alt=\"\" class=\"wp-image-23045\" srcset=\"https:\/\/portal.fgeo.gob.mx\/minio\/pagina\/wp-content\/uploads\/2026\/04\/FOTO-2-3-1024x576.jpg 1024w, https:\/\/portal.fgeo.gob.mx\/minio\/pagina\/wp-content\/uploads\/2026\/04\/FOTO-2-3-300x169.jpg 300w, https:\/\/portal.fgeo.gob.mx\/minio\/pagina\/wp-content\/uploads\/2026\/04\/FOTO-2-3-768x432.jpg 768w, https:\/\/portal.fgeo.gob.mx\/minio\/pagina\/wp-content\/uploads\/2026\/04\/FOTO-2-3-1536x864.jpg 1536w, https:\/\/portal.fgeo.gob.mx\/minio\/pagina\/wp-content\/uploads\/2026\/04\/FOTO-2-3.jpg 1920w\" sizes=\"(max-width: 1024px) 100vw, 1024px\" \/><\/figure>\n\n\n\n<figure class=\"wp-block-image size-large\"><img loading=\"lazy\" decoding=\"async\" width=\"1024\" height=\"576\" data-id=\"23046\" src=\"https:\/\/portal.fgeo.gob.mx\/minio\/pagina\/wp-content\/uploads\/2026\/04\/FOTO-1-5-1024x576.jpg\" alt=\"\" class=\"wp-image-23046\" srcset=\"https:\/\/portal.fgeo.gob.mx\/minio\/pagina\/wp-content\/uploads\/2026\/04\/FOTO-1-5-1024x576.jpg 1024w, https:\/\/portal.fgeo.gob.mx\/minio\/pagina\/wp-content\/uploads\/2026\/04\/FOTO-1-5-300x169.jpg 300w, https:\/\/portal.fgeo.gob.mx\/minio\/pagina\/wp-content\/uploads\/2026\/04\/FOTO-1-5-768x432.jpg 768w, https:\/\/portal.fgeo.gob.mx\/minio\/pagina\/wp-content\/uploads\/2026\/04\/FOTO-1-5-1536x864.jpg 1536w, https:\/\/portal.fgeo.gob.mx\/minio\/pagina\/wp-content\/uploads\/2026\/04\/FOTO-1-5.jpg 1920w\" sizes=\"(max-width: 1024px) 100vw, 1024px\" \/><\/figure>\n<\/figure>\n","protected":false},"author":2,"featured_media":0,"comment_status":"closed","ping_status":"closed","template":"","tags":[],"categoria_noticias":[],"class_list":["post-23042","noticias","type-noticias","status-publish","hentry"],"acf":[],"mb":[],"mfb_rest_fields":["title","gutenberg_elementor_mode"],"_links":{"self":[{"href":"https:\/\/portal.fgeo.gob.mx\/index.php\/wp-json\/wp\/v2\/noticias\/23042","targetHints":{"allow":["GET"]}}],"collection":[{"href":"https:\/\/portal.fgeo.gob.mx\/index.php\/wp-json\/wp\/v2\/noticias"}],"about":[{"href":"https:\/\/portal.fgeo.gob.mx\/index.php\/wp-json\/wp\/v2\/types\/noticias"}],"author":[{"embeddable":true,"href":"https:\/\/portal.fgeo.gob.mx\/index.php\/wp-json\/wp\/v2\/users\/2"}],"replies":[{"embeddable":true,"href":"https:\/\/portal.fgeo.gob.mx\/index.php\/wp-json\/wp\/v2\/comments?post=23042"}],"wp:attachment":[{"href":"https:\/\/portal.fgeo.gob.mx\/index.php\/wp-json\/wp\/v2\/media?parent=23042"}],"wp:term":[{"taxonomy":"post_tag","embeddable":true,"href":"https:\/\/portal.fgeo.gob.mx\/index.php\/wp-json\/wp\/v2\/tags?post=23042"},{"taxonomy":"categoria_noticias","embeddable":true,"href":"https:\/\/portal.fgeo.gob.mx\/index.php\/wp-json\/wp\/v2\/categoria_noticias?post=23042"}],"curies":[{"name":"wp","href":"https:\/\/api.w.org\/{rel}","templated":true}]}}