{"id":22991,"date":"2026-04-27T17:30:00","date_gmt":"2026-04-27T23:30:00","guid":{"rendered":"https:\/\/portal.fgeo.gob.mx\/?post_type=noticias&#038;p=22991"},"modified":"2026-04-27T17:27:34","modified_gmt":"2026-04-27T23:27:34","slug":"boletin-2400-cumple-fgeo-orden-de-aprehension-por-el-delito-de-violencia-familiar-en-el-istmo","status":"publish","type":"noticias","link":"https:\/\/portal.fgeo.gob.mx\/index.php\/archivos\/noticias\/boletin-2400-cumple-fgeo-orden-de-aprehension-por-el-delito-de-violencia-familiar-en-el-istmo","title":{"rendered":"BOLET\u00cdN 2,400.- Cumple FGEO orden de aprehensi\u00f3n por el delito de violencia familiar en el Istmo"},"content":{"rendered":"\n<p><strong>Oaxaca de Ju\u00e1rez, Oax., 27 de abril de 2026.- <\/strong>Como parte de las labores de investigaci\u00f3n ministerial para el combate a delitos contra la mujer por raz\u00f3n de g\u00e9nero, la Fiscal\u00eda General del Estado de Oaxaca (FGEO), dio cumplimiento a una orden de aprehensi\u00f3n en contra de una persona del sexo masculino identificado como V.L.S., por su probable responsabilidad en el delito de violencia familiar, en hechos ocurridos en la regi\u00f3n del Istmo de Tehuantepec.<\/p>\n\n\n\n<p>De acuerdo con las investigaciones ministeriales, la detenci\u00f3n de V.L.S., se efectu\u00f3 en calles de la Primera Secci\u00f3n del municipio de Santa Mar\u00eda Xadani.<\/p>\n\n\n\n<p>El expediente penal integrado por las investigaciones de la Vicefiscal\u00eda Regional del Istmo detalla que V.L.S., contaba con una orden de aprehensi\u00f3n vigente, por el delito de&nbsp;violencia familiar en contra de una mujer.<\/p>\n\n\n\n<p>Una vez ubicado, elementos de la Agencia Estatal de Investigaciones AEI en coordinaci\u00f3n con la Secretar\u00eda de la Defensa Nacional (DEFENSA) efectuaron la detenci\u00f3n de V.L.S., para posteriormente, trasladarlo a las instalaciones ministeriales de la Vicefiscal\u00eda Regional del Istmo, donde fue puesto a disposici\u00f3n de la autoridad ministerial competente, quien determinar\u00e1 su situaci\u00f3n jur\u00eddica conforme a Derecho.<\/p>\n\n\n\n<p>La Fiscal\u00eda de Oaxaca reitera su compromiso de actuar con firmeza para garantizar el acceso a la justicia a las v\u00edctimas, especialmente en casos de violencia familiar.<\/p>\n\n\n\n<figure class=\"wp-block-gallery has-nested-images columns-default is-cropped wp-block-gallery-1 is-layout-flex wp-block-gallery-is-layout-flex\">\n<figure class=\"wp-block-image size-large\"><img fetchpriority=\"high\" decoding=\"async\" width=\"819\" height=\"1024\" data-id=\"22992\" src=\"https:\/\/portal.fgeo.gob.mx\/minio\/pagina\/wp-content\/uploads\/2026\/04\/FOTO-CUADRADA-RECTANGULAR-BOLETINES-1-1-819x1024.jpg\" alt=\"\" class=\"wp-image-22992\" srcset=\"https:\/\/portal.fgeo.gob.mx\/minio\/pagina\/wp-content\/uploads\/2026\/04\/FOTO-CUADRADA-RECTANGULAR-BOLETINES-1-1-819x1024.jpg 819w, https:\/\/portal.fgeo.gob.mx\/minio\/pagina\/wp-content\/uploads\/2026\/04\/FOTO-CUADRADA-RECTANGULAR-BOLETINES-1-1-240x300.jpg 240w, https:\/\/portal.fgeo.gob.mx\/minio\/pagina\/wp-content\/uploads\/2026\/04\/FOTO-CUADRADA-RECTANGULAR-BOLETINES-1-1-768x960.jpg 768w, https:\/\/portal.fgeo.gob.mx\/minio\/pagina\/wp-content\/uploads\/2026\/04\/FOTO-CUADRADA-RECTANGULAR-BOLETINES-1-1.jpg 1080w\" sizes=\"(max-width: 819px) 100vw, 819px\" \/><\/figure>\n\n\n\n<figure class=\"wp-block-image size-large\"><img decoding=\"async\" width=\"819\" height=\"1024\" data-id=\"22993\" src=\"https:\/\/portal.fgeo.gob.mx\/minio\/pagina\/wp-content\/uploads\/2026\/04\/FOTO-CUADRADA-RECTANGULAR-BOLETINES-2-819x1024.jpg\" alt=\"\" class=\"wp-image-22993\" srcset=\"https:\/\/portal.fgeo.gob.mx\/minio\/pagina\/wp-content\/uploads\/2026\/04\/FOTO-CUADRADA-RECTANGULAR-BOLETINES-2-819x1024.jpg 819w, https:\/\/portal.fgeo.gob.mx\/minio\/pagina\/wp-content\/uploads\/2026\/04\/FOTO-CUADRADA-RECTANGULAR-BOLETINES-2-240x300.jpg 240w, https:\/\/portal.fgeo.gob.mx\/minio\/pagina\/wp-content\/uploads\/2026\/04\/FOTO-CUADRADA-RECTANGULAR-BOLETINES-2-768x960.jpg 768w, https:\/\/portal.fgeo.gob.mx\/minio\/pagina\/wp-content\/uploads\/2026\/04\/FOTO-CUADRADA-RECTANGULAR-BOLETINES-2.jpg 1080w\" sizes=\"(max-width: 819px) 100vw, 819px\" \/><\/figure>\n<\/figure>\n","protected":false},"author":2,"featured_media":0,"comment_status":"closed","ping_status":"closed","template":"","tags":[],"categoria_noticias":[],"class_list":["post-22991","noticias","type-noticias","status-publish","hentry"],"acf":[],"mb":[],"mfb_rest_fields":["title","gutenberg_elementor_mode"],"_links":{"self":[{"href":"https:\/\/portal.fgeo.gob.mx\/index.php\/wp-json\/wp\/v2\/noticias\/22991","targetHints":{"allow":["GET"]}}],"collection":[{"href":"https:\/\/portal.fgeo.gob.mx\/index.php\/wp-json\/wp\/v2\/noticias"}],"about":[{"href":"https:\/\/portal.fgeo.gob.mx\/index.php\/wp-json\/wp\/v2\/types\/noticias"}],"author":[{"embeddable":true,"href":"https:\/\/portal.fgeo.gob.mx\/index.php\/wp-json\/wp\/v2\/users\/2"}],"replies":[{"embeddable":true,"href":"https:\/\/portal.fgeo.gob.mx\/index.php\/wp-json\/wp\/v2\/comments?post=22991"}],"wp:attachment":[{"href":"https:\/\/portal.fgeo.gob.mx\/index.php\/wp-json\/wp\/v2\/media?parent=22991"}],"wp:term":[{"taxonomy":"post_tag","embeddable":true,"href":"https:\/\/portal.fgeo.gob.mx\/index.php\/wp-json\/wp\/v2\/tags?post=22991"},{"taxonomy":"categoria_noticias","embeddable":true,"href":"https:\/\/portal.fgeo.gob.mx\/index.php\/wp-json\/wp\/v2\/categoria_noticias?post=22991"}],"curies":[{"name":"wp","href":"https:\/\/api.w.org\/{rel}","templated":true}]}}