{"id":22951,"date":"2026-04-27T11:35:00","date_gmt":"2026-04-27T17:35:00","guid":{"rendered":"https:\/\/portal.fgeo.gob.mx\/?post_type=noticias&#038;p=22951"},"modified":"2026-04-27T10:58:09","modified_gmt":"2026-04-27T16:58:09","slug":"boletin-2399-fgeo-ejecuta-orden-de-aprehension-por-tentativa-de-homicidio-en-colaboracion-con-autoridades-de-morelos","status":"publish","type":"noticias","link":"https:\/\/portal.fgeo.gob.mx\/index.php\/archivos\/noticias\/boletin-2399-fgeo-ejecuta-orden-de-aprehension-por-tentativa-de-homicidio-en-colaboracion-con-autoridades-de-morelos","title":{"rendered":"BOLET\u00cdN 2,399.- FGEO ejecuta orden de aprehensi\u00f3n por tentativa de homicidio, en colaboraci\u00f3n con autoridades de Morelos"},"content":{"rendered":"\n<p><strong>Oaxaca de Ju\u00e1rez, Oax., 27 de abril de 2026.-<\/strong> La Fiscal\u00eda General del Estado de Oaxaca (FGEO), en colaboraci\u00f3n interinstitucional con la Fiscal\u00eda General del Estado de Morelos, ejecutaron una orden de aprehensi\u00f3n en contra de una persona del sexo masculino identificado como N.C.R., por su probable responsabilidad en el delito de homicidio calificado en grado de tentativa.<\/p>\n\n\n\n<p>De acuerdo con la causa penal, N.C.R., fue detenido&nbsp;por hechos cometidos en agravio de la v\u00edctima identificada como U.A.H.<\/p>\n\n\n\n<p>La detenci\u00f3n de N.C.R., la efectuaron elementos de la Agencia Estatal de Investigaciones (AEI), derivado de la solicitud de colaboraci\u00f3n de autoridades de Morelos que reportaron que el hoy detenido hab\u00eda salido de aquella entidad para evadir la acci\u00f3n de la justicia.<\/p>\n\n\n\n<p>Tras las labores de investigaci\u00f3n y b\u00fasqueda de la Vicefiscal\u00eda Regional de la Costa, elementos AEI lograron dar con el paradero de N.C.R., siendo detenido en la colonia Brisas de Zicatela, perteneciente a Santa Mar\u00eda Colotepec, en la regi\u00f3n de la Costa de Oaxaca.<\/p>\n\n\n\n<p>Tras su detenci\u00f3n, fue puesto a disposici\u00f3n de la autoridad ministerial correspondiente para determinar su situaci\u00f3n jur\u00eddica conforme a derecho.<\/p>\n\n\n\n<p>La Fiscal\u00eda General del Estado de Oaxaca refrenda su compromiso de fortalecer la coordinaci\u00f3n interinstitucional para garantizar la procuraci\u00f3n de justicia y combatir los delitos de alto impacto en la entidad.<\/p>\n\n\n\n<figure class=\"wp-block-image size-large\"><img fetchpriority=\"high\" decoding=\"async\" width=\"819\" height=\"1024\" src=\"https:\/\/portal.fgeo.gob.mx\/minio\/pagina\/wp-content\/uploads\/2026\/04\/FOTO-BOLETINES-819x1024.jpg\" alt=\"\" class=\"wp-image-22952\" srcset=\"https:\/\/portal.fgeo.gob.mx\/minio\/pagina\/wp-content\/uploads\/2026\/04\/FOTO-BOLETINES-819x1024.jpg 819w, https:\/\/portal.fgeo.gob.mx\/minio\/pagina\/wp-content\/uploads\/2026\/04\/FOTO-BOLETINES-240x300.jpg 240w, https:\/\/portal.fgeo.gob.mx\/minio\/pagina\/wp-content\/uploads\/2026\/04\/FOTO-BOLETINES-768x960.jpg 768w, https:\/\/portal.fgeo.gob.mx\/minio\/pagina\/wp-content\/uploads\/2026\/04\/FOTO-BOLETINES.jpg 1080w\" sizes=\"(max-width: 819px) 100vw, 819px\" \/><\/figure>\n","protected":false},"author":2,"featured_media":0,"comment_status":"closed","ping_status":"closed","template":"","tags":[],"categoria_noticias":[],"class_list":["post-22951","noticias","type-noticias","status-publish","hentry"],"acf":[],"mb":[],"mfb_rest_fields":["title","gutenberg_elementor_mode"],"_links":{"self":[{"href":"https:\/\/portal.fgeo.gob.mx\/index.php\/wp-json\/wp\/v2\/noticias\/22951","targetHints":{"allow":["GET"]}}],"collection":[{"href":"https:\/\/portal.fgeo.gob.mx\/index.php\/wp-json\/wp\/v2\/noticias"}],"about":[{"href":"https:\/\/portal.fgeo.gob.mx\/index.php\/wp-json\/wp\/v2\/types\/noticias"}],"author":[{"embeddable":true,"href":"https:\/\/portal.fgeo.gob.mx\/index.php\/wp-json\/wp\/v2\/users\/2"}],"replies":[{"embeddable":true,"href":"https:\/\/portal.fgeo.gob.mx\/index.php\/wp-json\/wp\/v2\/comments?post=22951"}],"wp:attachment":[{"href":"https:\/\/portal.fgeo.gob.mx\/index.php\/wp-json\/wp\/v2\/media?parent=22951"}],"wp:term":[{"taxonomy":"post_tag","embeddable":true,"href":"https:\/\/portal.fgeo.gob.mx\/index.php\/wp-json\/wp\/v2\/tags?post=22951"},{"taxonomy":"categoria_noticias","embeddable":true,"href":"https:\/\/portal.fgeo.gob.mx\/index.php\/wp-json\/wp\/v2\/categoria_noticias?post=22951"}],"curies":[{"name":"wp","href":"https:\/\/api.w.org\/{rel}","templated":true}]}}