{"id":22938,"date":"2026-04-25T11:05:49","date_gmt":"2026-04-25T17:05:49","guid":{"rendered":"https:\/\/portal.fgeo.gob.mx\/?post_type=noticias&#038;p=22938"},"modified":"2026-04-25T11:05:49","modified_gmt":"2026-04-25T17:05:49","slug":"boletin-2395-fiscalia-de-oaxaca-ejecuta-orden-de-aprehension-por-incumplimiento-de-obligaciones-alimentarias-ocurrida-en-la-region-de-la-costa","status":"publish","type":"noticias","link":"https:\/\/portal.fgeo.gob.mx\/index.php\/archivos\/noticias\/boletin-2395-fiscalia-de-oaxaca-ejecuta-orden-de-aprehension-por-incumplimiento-de-obligaciones-alimentarias-ocurrida-en-la-region-de-la-costa","title":{"rendered":"BOLET\u00cdN 2395.- Fiscal\u00eda de Oaxaca ejecuta orden de aprehensi\u00f3n por incumplimiento de obligaciones alimentarias ocurrida en la regi\u00f3n de la Costa"},"content":{"rendered":"\n<p><strong>Oaxaca de Ju\u00e1rez a 25 de abril de 2026<\/strong>.<strong>.- <\/strong>La Fiscal\u00eda General del Estado de Oaxaca (FGEO) ejecut\u00f3 una orden de aprehensi\u00f3n en contra de una persona del sexo masculino identificado como L.M.M.B., por su probable responsabilidad el delito de incumplimiento de obligaciones alimentarias, en la regi\u00f3n de la Costa.<\/p>\n\n\n\n<p>De acuerdo con el expediente penal L.M.M.B., fue detenido en inmediaciones del Hospital B\u00e1sico Comunitario del municipio de Santa Catarina Juquila, Oaxaca.<\/p>\n\n\n\n<p>La investigaci\u00f3n del caso detalla que, los hechos se derivan de un proceso legal iniciado en el a\u00f1o 2020, relacionado con la guarda y custodia de un menor de edad -cuya identidad est\u00e1 reservada por ley- representado legalmente por su madre.<\/p>\n\n\n\n<p>En dicho proceso, la autoridad judicial determin\u00f3 el pago de una pensi\u00f3n alimenticia de manera quincenal; sin embargo, el hoy detenido presuntamente incumpli\u00f3 con esta obligaci\u00f3n, generando un adeudo acumulado.<\/p>\n\n\n\n<p>Ante estos hechos y tras las investigaciones ministeriales de la Vicefiscal\u00eda Regional de la Costa, la autoridad competente libr\u00f3 la orden de aprehensi\u00f3n correspondiente, la cual fue ejecutada por elementos de la Agencia Estatal de Investigaciones (AEI), quienes realizaron la detenci\u00f3n conforme a los protocolos legales.<\/p>\n\n\n\n<p>Una vez detenido, fue puesto a disposici\u00f3n de la autoridad ministerial correspondiente, quien determinar\u00e1 su situaci\u00f3n jur\u00eddica conforme a derecho.<\/p>\n\n\n\n<p>La Fiscal\u00eda General del Estado de Oaxaca refrenda su compromiso de garantizar el acceso a la justicia, especialmente en casos que vulneran los derechos de ni\u00f1as, ni\u00f1os y adolescentes.<\/p>\n\n\n\n<figure class=\"wp-block-image size-large\"><img fetchpriority=\"high\" decoding=\"async\" width=\"819\" height=\"1024\" src=\"https:\/\/portal.fgeo.gob.mx\/minio\/pagina\/wp-content\/uploads\/2026\/04\/BOLETIN-2395.-Fiscalia-de-Oaxaca-ejecuta-orden-de-aprehension-por-incumplimiento-de-obligaciones-alimentarias-ocurrida-en-la-region-de-la-Costa-1-819x1024.jpg\" alt=\"\" class=\"wp-image-22939\" srcset=\"https:\/\/portal.fgeo.gob.mx\/minio\/pagina\/wp-content\/uploads\/2026\/04\/BOLETIN-2395.-Fiscalia-de-Oaxaca-ejecuta-orden-de-aprehension-por-incumplimiento-de-obligaciones-alimentarias-ocurrida-en-la-region-de-la-Costa-1-819x1024.jpg 819w, https:\/\/portal.fgeo.gob.mx\/minio\/pagina\/wp-content\/uploads\/2026\/04\/BOLETIN-2395.-Fiscalia-de-Oaxaca-ejecuta-orden-de-aprehension-por-incumplimiento-de-obligaciones-alimentarias-ocurrida-en-la-region-de-la-Costa-1-240x300.jpg 240w, https:\/\/portal.fgeo.gob.mx\/minio\/pagina\/wp-content\/uploads\/2026\/04\/BOLETIN-2395.-Fiscalia-de-Oaxaca-ejecuta-orden-de-aprehension-por-incumplimiento-de-obligaciones-alimentarias-ocurrida-en-la-region-de-la-Costa-1-768x960.jpg 768w, https:\/\/portal.fgeo.gob.mx\/minio\/pagina\/wp-content\/uploads\/2026\/04\/BOLETIN-2395.-Fiscalia-de-Oaxaca-ejecuta-orden-de-aprehension-por-incumplimiento-de-obligaciones-alimentarias-ocurrida-en-la-region-de-la-Costa-1.jpg 1080w\" sizes=\"(max-width: 819px) 100vw, 819px\" \/><\/figure>\n","protected":false},"author":2,"featured_media":0,"comment_status":"closed","ping_status":"closed","template":"","tags":[],"categoria_noticias":[],"class_list":["post-22938","noticias","type-noticias","status-publish","hentry"],"acf":[],"mb":[],"mfb_rest_fields":["title","gutenberg_elementor_mode"],"_links":{"self":[{"href":"https:\/\/portal.fgeo.gob.mx\/index.php\/wp-json\/wp\/v2\/noticias\/22938","targetHints":{"allow":["GET"]}}],"collection":[{"href":"https:\/\/portal.fgeo.gob.mx\/index.php\/wp-json\/wp\/v2\/noticias"}],"about":[{"href":"https:\/\/portal.fgeo.gob.mx\/index.php\/wp-json\/wp\/v2\/types\/noticias"}],"author":[{"embeddable":true,"href":"https:\/\/portal.fgeo.gob.mx\/index.php\/wp-json\/wp\/v2\/users\/2"}],"replies":[{"embeddable":true,"href":"https:\/\/portal.fgeo.gob.mx\/index.php\/wp-json\/wp\/v2\/comments?post=22938"}],"wp:attachment":[{"href":"https:\/\/portal.fgeo.gob.mx\/index.php\/wp-json\/wp\/v2\/media?parent=22938"}],"wp:term":[{"taxonomy":"post_tag","embeddable":true,"href":"https:\/\/portal.fgeo.gob.mx\/index.php\/wp-json\/wp\/v2\/tags?post=22938"},{"taxonomy":"categoria_noticias","embeddable":true,"href":"https:\/\/portal.fgeo.gob.mx\/index.php\/wp-json\/wp\/v2\/categoria_noticias?post=22938"}],"curies":[{"name":"wp","href":"https:\/\/api.w.org\/{rel}","templated":true}]}}