{"id":22827,"date":"2026-04-22T17:30:00","date_gmt":"2026-04-22T23:30:00","guid":{"rendered":"https:\/\/portal.fgeo.gob.mx\/?post_type=noticias&#038;p=22827"},"modified":"2026-04-22T12:49:08","modified_gmt":"2026-04-22T18:49:08","slug":"boletin-2387-detienen-a-hombre-por-violacion-victima-fue-acosada-durante-dos-semanas-en-tuxtepec","status":"publish","type":"noticias","link":"https:\/\/portal.fgeo.gob.mx\/index.php\/archivos\/noticias\/boletin-2387-detienen-a-hombre-por-violacion-victima-fue-acosada-durante-dos-semanas-en-tuxtepec","title":{"rendered":"BOLET\u00cdN 2,387.- Detienen a hombre por violaci\u00f3n; v\u00edctima fue acosada durante dos semanas en Tuxtepec"},"content":{"rendered":"\n<p>Oaxaca de Ju\u00e1rez, Oax., a 22 de abril de 2026.- La Fiscal\u00eda General del Estado de Oaxaca (FGEO) ejecut\u00f3 una orden de aprehensi\u00f3n en contra de una persona del sexo masculino identificado como G.R.P.&nbsp; o J.G.R.P.&nbsp; por su probable responsabilidad en el delito de violaci\u00f3n en agravio de una adolescente, hechos ocurridos en San Juan Bautista Tuxtepec.<\/p>\n\n\n\n<p>De acuerdo con la carpeta de investigaci\u00f3n, los hechos se remontan al 24 de julio de 2025, cuando la v\u00edctima, una adolescente, \u2014cuya identidad est\u00e1 protegida por ley\u2014 fue agredida sexualmente en un domicilio de la colonia Reencuentro. La agresi\u00f3n no fue un hecho aislado: durante al menos dos semanas previas, la adolescente hab\u00eda sido sometida a acoso sexual de forma reiterada en ese mismo inmueble.<\/p>\n\n\n\n<p>Tras recibir la denuncia la FGEO a trav\u00e9s de la Vicefiscal\u00eda Regional de la Cuenca realiz\u00f3 las labores de investigaci\u00f3n correspondientes lo que permiti\u00f3 obtener y ejecutar la orden de aprehensi\u00f3n en contra de G.R.P.&nbsp; o J.G.R.P.&nbsp; por su probable responsabilidad en el delito de violaci\u00f3n.<\/p>\n\n\n\n<p>Despu\u00e9s de ser detenido, G.R.P.&nbsp; o J.G.R.P.&nbsp; fue puesto a disposici\u00f3n de la autoridad ministerial correspondiente para que se determine su situaci\u00f3n jur\u00eddica.<\/p>\n\n\n\n<p>La FGEO reiter\u00f3 su compromiso con la investigaci\u00f3n integral de los casos en que las v\u00edctimas son ni\u00f1as, ni\u00f1os y adolescentes, los cuales se atienden con perspectiva de infancia y adolescencia para garantizar un proceso de procuraci\u00f3n de justicia adecuado.<\/p>\n\n\n\n<figure class=\"wp-block-image size-large\"><img fetchpriority=\"high\" decoding=\"async\" width=\"819\" height=\"1024\" src=\"https:\/\/portal.fgeo.gob.mx\/minio\/pagina\/wp-content\/uploads\/2026\/04\/FOTO-CUADRADA-RECTANGULAR-BOLETINES-819x1024.jpg\" alt=\"\" class=\"wp-image-22828\" srcset=\"https:\/\/portal.fgeo.gob.mx\/minio\/pagina\/wp-content\/uploads\/2026\/04\/FOTO-CUADRADA-RECTANGULAR-BOLETINES-819x1024.jpg 819w, https:\/\/portal.fgeo.gob.mx\/minio\/pagina\/wp-content\/uploads\/2026\/04\/FOTO-CUADRADA-RECTANGULAR-BOLETINES-240x300.jpg 240w, https:\/\/portal.fgeo.gob.mx\/minio\/pagina\/wp-content\/uploads\/2026\/04\/FOTO-CUADRADA-RECTANGULAR-BOLETINES-768x960.jpg 768w, https:\/\/portal.fgeo.gob.mx\/minio\/pagina\/wp-content\/uploads\/2026\/04\/FOTO-CUADRADA-RECTANGULAR-BOLETINES.jpg 1080w\" sizes=\"(max-width: 819px) 100vw, 819px\" \/><\/figure>\n","protected":false},"author":2,"featured_media":0,"comment_status":"closed","ping_status":"closed","template":"","tags":[],"categoria_noticias":[],"class_list":["post-22827","noticias","type-noticias","status-publish","hentry"],"acf":[],"mb":[],"mfb_rest_fields":["title","gutenberg_elementor_mode"],"_links":{"self":[{"href":"https:\/\/portal.fgeo.gob.mx\/index.php\/wp-json\/wp\/v2\/noticias\/22827","targetHints":{"allow":["GET"]}}],"collection":[{"href":"https:\/\/portal.fgeo.gob.mx\/index.php\/wp-json\/wp\/v2\/noticias"}],"about":[{"href":"https:\/\/portal.fgeo.gob.mx\/index.php\/wp-json\/wp\/v2\/types\/noticias"}],"author":[{"embeddable":true,"href":"https:\/\/portal.fgeo.gob.mx\/index.php\/wp-json\/wp\/v2\/users\/2"}],"replies":[{"embeddable":true,"href":"https:\/\/portal.fgeo.gob.mx\/index.php\/wp-json\/wp\/v2\/comments?post=22827"}],"wp:attachment":[{"href":"https:\/\/portal.fgeo.gob.mx\/index.php\/wp-json\/wp\/v2\/media?parent=22827"}],"wp:term":[{"taxonomy":"post_tag","embeddable":true,"href":"https:\/\/portal.fgeo.gob.mx\/index.php\/wp-json\/wp\/v2\/tags?post=22827"},{"taxonomy":"categoria_noticias","embeddable":true,"href":"https:\/\/portal.fgeo.gob.mx\/index.php\/wp-json\/wp\/v2\/categoria_noticias?post=22827"}],"curies":[{"name":"wp","href":"https:\/\/api.w.org\/{rel}","templated":true}]}}