{"id":22817,"date":"2026-04-22T11:34:23","date_gmt":"2026-04-22T17:34:23","guid":{"rendered":"https:\/\/portal.fgeo.gob.mx\/?post_type=noticias&#038;p=22817"},"modified":"2026-04-22T11:34:23","modified_gmt":"2026-04-22T17:34:23","slug":"boletin-2386-obtiene-vinculacion-a-proceso-por-homicidio-de-dos-personas-ocurrido-en-jamiltepec","status":"publish","type":"noticias","link":"https:\/\/portal.fgeo.gob.mx\/index.php\/archivos\/noticias\/boletin-2386-obtiene-vinculacion-a-proceso-por-homicidio-de-dos-personas-ocurrido-en-jamiltepec","title":{"rendered":"BOLET\u00cdN 2,386.- Obtiene vinculaci\u00f3n a proceso por homicidio de dos personas ocurrido en Jamiltepec"},"content":{"rendered":"\n<p>Oaxaca de Ju\u00e1rez, Oax., a 22 de abril de 2026.-&nbsp; La Fiscal\u00eda General del Estado de Oaxaca (FGEO) obtuvo la vinculaci\u00f3n a proceso en contra de una persona del sexo masculino identificado como M.Y.R., por su probable responsabilidad en el delito de homicidio calificado con ventaja, hechos ocurridos en la regi\u00f3n de la Costa.<\/p>\n\n\n\n<p>De acuerdo con la carpeta de investigaci\u00f3n, los hechos ocurrieron el 12 de enero de 2020, cuando las dos v\u00edctimas se encontraban en un domicilio ubicado en la localidad de la Uni\u00f3n Linda Vista, perteneciente a Santiago Jamiltepec, lugar al que llegaron unas personas a bordo de una motocicleta desde la que realizaron disparos provocando lesiones en las v\u00edctimas que ocasionaron su muerte.<\/p>\n\n\n\n<p>Tras tener conocimiento de los hechos, la FGEO inici\u00f3 las investigaciones correspondientes a trav\u00e9s de la Vicefiscal\u00eda Regional de la Costa, la cual realiz\u00f3 las indagatorias que permitieron obtener y ejecutar la orden de aprehensi\u00f3n en contra de M.Y.R.<\/p>\n\n\n\n<p>Durante una audiencia y despu\u00e9s de valorar las pruebas presentadas por la FGEO a trav\u00e9s de la Vicefiscal\u00eda Regional de la Costa, el Juez de la causa determin\u00f3 vincular a proceso a M.Y.R.&nbsp; por su probable responsabilidad en el delito de homicidio calificado con ventaja, adem\u00e1s de imponer la medida de prisi\u00f3n preventiva, y otorgar un plazo de dos meses para el cierre de la investigaci\u00f3n.<\/p>\n\n\n\n<p>La Fiscal\u00eda General del Estado de Oaxaca subraya que realiza investigaciones integrales, multidisciplinarias y con rigor cient\u00edfico para brindar a las v\u00edctimas directas e indirectas de los delitos procesos de procuraci\u00f3n de justicia eficaces.<\/p>\n\n\n\n<figure class=\"wp-block-image size-large\"><img fetchpriority=\"high\" decoding=\"async\" width=\"819\" height=\"1024\" src=\"https:\/\/portal.fgeo.gob.mx\/minio\/pagina\/wp-content\/uploads\/2026\/04\/FOTO-CUADRADA-RECTANGULAR-BOLETINES-819x1024.png\" alt=\"\" class=\"wp-image-22818\" srcset=\"https:\/\/portal.fgeo.gob.mx\/minio\/pagina\/wp-content\/uploads\/2026\/04\/FOTO-CUADRADA-RECTANGULAR-BOLETINES-819x1024.png 819w, https:\/\/portal.fgeo.gob.mx\/minio\/pagina\/wp-content\/uploads\/2026\/04\/FOTO-CUADRADA-RECTANGULAR-BOLETINES-240x300.png 240w, https:\/\/portal.fgeo.gob.mx\/minio\/pagina\/wp-content\/uploads\/2026\/04\/FOTO-CUADRADA-RECTANGULAR-BOLETINES-768x960.png 768w, https:\/\/portal.fgeo.gob.mx\/minio\/pagina\/wp-content\/uploads\/2026\/04\/FOTO-CUADRADA-RECTANGULAR-BOLETINES.png 1080w\" sizes=\"(max-width: 819px) 100vw, 819px\" \/><\/figure>\n","protected":false},"author":2,"featured_media":0,"comment_status":"closed","ping_status":"closed","template":"","tags":[],"categoria_noticias":[],"class_list":["post-22817","noticias","type-noticias","status-publish","hentry"],"acf":[],"mb":[],"mfb_rest_fields":["title","gutenberg_elementor_mode"],"_links":{"self":[{"href":"https:\/\/portal.fgeo.gob.mx\/index.php\/wp-json\/wp\/v2\/noticias\/22817","targetHints":{"allow":["GET"]}}],"collection":[{"href":"https:\/\/portal.fgeo.gob.mx\/index.php\/wp-json\/wp\/v2\/noticias"}],"about":[{"href":"https:\/\/portal.fgeo.gob.mx\/index.php\/wp-json\/wp\/v2\/types\/noticias"}],"author":[{"embeddable":true,"href":"https:\/\/portal.fgeo.gob.mx\/index.php\/wp-json\/wp\/v2\/users\/2"}],"replies":[{"embeddable":true,"href":"https:\/\/portal.fgeo.gob.mx\/index.php\/wp-json\/wp\/v2\/comments?post=22817"}],"wp:attachment":[{"href":"https:\/\/portal.fgeo.gob.mx\/index.php\/wp-json\/wp\/v2\/media?parent=22817"}],"wp:term":[{"taxonomy":"post_tag","embeddable":true,"href":"https:\/\/portal.fgeo.gob.mx\/index.php\/wp-json\/wp\/v2\/tags?post=22817"},{"taxonomy":"categoria_noticias","embeddable":true,"href":"https:\/\/portal.fgeo.gob.mx\/index.php\/wp-json\/wp\/v2\/categoria_noticias?post=22817"}],"curies":[{"name":"wp","href":"https:\/\/api.w.org\/{rel}","templated":true}]}}