{"id":22810,"date":"2026-04-21T11:34:02","date_gmt":"2026-04-21T17:34:02","guid":{"rendered":"https:\/\/portal.fgeo.gob.mx\/?post_type=noticias&#038;p=22810"},"modified":"2026-04-21T11:52:27","modified_gmt":"2026-04-21T17:52:27","slug":"boletin-2383-fiscalia-de-oaxaca-obtiene-vinculacion-a-proceso-y-prision-contra-probable-fratricida-en-la-region-de-la-costa","status":"publish","type":"noticias","link":"https:\/\/portal.fgeo.gob.mx\/index.php\/archivos\/noticias\/boletin-2383-fiscalia-de-oaxaca-obtiene-vinculacion-a-proceso-y-prision-contra-probable-fratricida-en-la-region-de-la-costa","title":{"rendered":"BOLET\u00cdN 2,383.- Fiscal\u00eda de Oaxaca obtiene vinculaci\u00f3n a proceso y prisi\u00f3n contra probable fratricida, en la regi\u00f3n de la Costa"},"content":{"rendered":"\n<p>Oaxaca de Ju\u00e1rez, Oax., a 21 de abril de 2026.- La Fiscal\u00eda General del Estado de Oaxaca (FGEO) obtuvo auto de vinculaci\u00f3n a proceso&nbsp;y prisi\u00f3n preventiva en contra de una persona del sexo masculino identificado como E.M.G., por su probable responsabilidad en el delito de homicidio calificado con ventaja, cometido en agravio de su hermano en la regi\u00f3n de la Costa.<\/p>\n\n\n\n<p>De acuerdo con la carpeta de investigaci\u00f3n, los hechos ocurrieron el 21 de marzo de 2026, cuando la v\u00edctima identificada como J.M.G., se encontraba en un domicilio ubicado en el Barrio Chico, en Santa Mar\u00eda Yosocani, perteneciente a San Lorenzo, distrito de Jamiltepec.<\/p>\n\n\n\n<p>Las investigaciones revelan que, al lugar, arrib\u00f3 una persona y atac\u00f3 en reiteradas ocasiones a la v\u00edctima con un arma contundente (machete), infligi\u00e9ndole m\u00faltiples lesiones que le provocaron la muerte.&nbsp;<\/p>\n\n\n\n<p>Tras tener conocimiento del caso, la FGEO, -a trav\u00e9s de la Vicefiscal\u00eda Regional de la Costa-, llev\u00f3 a cabo las investigaciones ministeriales correspondientes, las cuales permitieron la localizaci\u00f3n y aprehensi\u00f3n del presunto responsable, quien posteriormente fue presentado ante la autoridad judicial que lo requiri\u00f3.&nbsp;<\/p>\n\n\n\n<p>Luego de que la FGEO, aport\u00f3 las pruebas ministeriales necesarias, el Juez que atiende la causa dict\u00f3 auto de vinculaci\u00f3n a proceso en contra de E.M.G., e impuso la medida cautelar de prisi\u00f3n preventiva oficiosa de manera definitiva y otorg\u00f3 el plazo de dos meses para el cierre de la investigaci\u00f3n complementaria.<\/p>\n\n\n\n<p>La Fiscal\u00eda General del Estado investiga en forma prioritaria los delitos de alto impacto con el objetivo de brindar a las v\u00edctimas directas e indirectas adecuados procesos de procuraci\u00f3n de justicia.<\/p>\n\n\n\n<figure class=\"wp-block-image size-large\"><img fetchpriority=\"high\" decoding=\"async\" width=\"726\" height=\"1024\" src=\"https:\/\/portal.fgeo.gob.mx\/minio\/pagina\/wp-content\/uploads\/2026\/04\/WhatsApp-Image-2026-03-30-at-3.01.16-PM-726x1024.jpeg\" alt=\"\" class=\"wp-image-22811\" srcset=\"https:\/\/portal.fgeo.gob.mx\/minio\/pagina\/wp-content\/uploads\/2026\/04\/WhatsApp-Image-2026-03-30-at-3.01.16-PM-726x1024.jpeg 726w, https:\/\/portal.fgeo.gob.mx\/minio\/pagina\/wp-content\/uploads\/2026\/04\/WhatsApp-Image-2026-03-30-at-3.01.16-PM-213x300.jpeg 213w, https:\/\/portal.fgeo.gob.mx\/minio\/pagina\/wp-content\/uploads\/2026\/04\/WhatsApp-Image-2026-03-30-at-3.01.16-PM-768x1083.jpeg 768w, https:\/\/portal.fgeo.gob.mx\/minio\/pagina\/wp-content\/uploads\/2026\/04\/WhatsApp-Image-2026-03-30-at-3.01.16-PM-1090x1536.jpeg 1090w, https:\/\/portal.fgeo.gob.mx\/minio\/pagina\/wp-content\/uploads\/2026\/04\/WhatsApp-Image-2026-03-30-at-3.01.16-PM-1453x2048.jpeg 1453w, https:\/\/portal.fgeo.gob.mx\/minio\/pagina\/wp-content\/uploads\/2026\/04\/WhatsApp-Image-2026-03-30-at-3.01.16-PM-scaled.jpeg 1816w\" sizes=\"(max-width: 726px) 100vw, 726px\" \/><\/figure>\n\n\n\n<p>&#8220;De conformidad con el Art. 13 del CNPP, se presume su inocencia hasta que se emita sentencia que declare su responsabilidad.&#8221;<\/p>\n\n\n\n<p><\/p>\n","protected":false},"author":2,"featured_media":0,"comment_status":"closed","ping_status":"closed","template":"","tags":[],"categoria_noticias":[],"class_list":["post-22810","noticias","type-noticias","status-publish","hentry"],"acf":[],"mb":[],"mfb_rest_fields":["title","gutenberg_elementor_mode"],"_links":{"self":[{"href":"https:\/\/portal.fgeo.gob.mx\/index.php\/wp-json\/wp\/v2\/noticias\/22810","targetHints":{"allow":["GET"]}}],"collection":[{"href":"https:\/\/portal.fgeo.gob.mx\/index.php\/wp-json\/wp\/v2\/noticias"}],"about":[{"href":"https:\/\/portal.fgeo.gob.mx\/index.php\/wp-json\/wp\/v2\/types\/noticias"}],"author":[{"embeddable":true,"href":"https:\/\/portal.fgeo.gob.mx\/index.php\/wp-json\/wp\/v2\/users\/2"}],"replies":[{"embeddable":true,"href":"https:\/\/portal.fgeo.gob.mx\/index.php\/wp-json\/wp\/v2\/comments?post=22810"}],"wp:attachment":[{"href":"https:\/\/portal.fgeo.gob.mx\/index.php\/wp-json\/wp\/v2\/media?parent=22810"}],"wp:term":[{"taxonomy":"post_tag","embeddable":true,"href":"https:\/\/portal.fgeo.gob.mx\/index.php\/wp-json\/wp\/v2\/tags?post=22810"},{"taxonomy":"categoria_noticias","embeddable":true,"href":"https:\/\/portal.fgeo.gob.mx\/index.php\/wp-json\/wp\/v2\/categoria_noticias?post=22810"}],"curies":[{"name":"wp","href":"https:\/\/api.w.org\/{rel}","templated":true}]}}