{"id":22804,"date":"2026-04-20T11:30:00","date_gmt":"2026-04-20T17:30:00","guid":{"rendered":"https:\/\/portal.fgeo.gob.mx\/?post_type=noticias&#038;p=22804"},"modified":"2026-04-20T10:39:15","modified_gmt":"2026-04-20T16:39:15","slug":"boletin-2380-fiscalia-de-oaxaca-ejecuta-orden-de-aprehension-y-detiene-a-una-persona-por-el-delito-de-robo-especifico-en-el-istmo-de-tehuantepec","status":"publish","type":"noticias","link":"https:\/\/portal.fgeo.gob.mx\/index.php\/archivos\/noticias\/boletin-2380-fiscalia-de-oaxaca-ejecuta-orden-de-aprehension-y-detiene-a-una-persona-por-el-delito-de-robo-especifico-en-el-istmo-de-tehuantepec","title":{"rendered":"BOLET\u00cdN 2380.- Fiscal\u00eda de Oaxaca ejecuta orden de aprehensi\u00f3n y detiene a una persona por el delito de robo espec\u00edfico en el Istmo de Tehuantepec"},"content":{"rendered":"\n<p><strong>Oaxaca de Ju\u00e1rez a 20 de abril de 2026<\/strong>.- La Fiscal\u00eda General del Estado de Oaxaca (FGEO), dio cumplimiento a una orden de aprehensi\u00f3n que permiti\u00f3 la detenci\u00f3n de una persona del sexo masculino identificado como A.J.M.G., alias \u201cGoku\u201d, por por su probable responsabilidad en el delito de robo espec\u00edfico, cometido en la regi\u00f3n del Istmo de Tehuantepec.<\/p>\n\n\n\n<p>De acuerdo con el expediente penal del caso, los hechos&nbsp; ocurrieron en agravio de la v\u00edctima, quien denunci\u00f3 los hechos ante la autoridad competente.<\/p>\n\n\n\n<p>Derivado de estos hechos, la FGEO, a trav\u00e9s de la Vicefiscal\u00eda Regional del Istmo inici\u00f3 los trabajos ministeriales de investigaci\u00f3n que permitieron obtener la orden de aprehensi\u00f3n, la cual fue ejecutada por elementos de la Agencia Estatal de Investigaciones (AEI) cuando A.J.M.G., se encontraba en calles del barrio Santa Mar\u00eda, en Santo Domingo Tehuantepec.<\/p>\n\n\n\n<p>Una vez detenido, A J.M.G., fue trasladado ante el Agente del Ministerio P\u00fablico correspondiente, quien determinar\u00e1 su situaci\u00f3n jur\u00eddica conforme a derecho.<\/p>\n\n\n\n<p>La Fiscal\u00eda General del Estado de Oaxaca reitera su compromiso de llevar ante la justicia a quien o quienes resulten responsables de la comisi\u00f3n de delitos, garantizando el acceso a la justicia para las v\u00edctimas.<\/p>\n\n\n\n<figure class=\"wp-block-image size-large\"><img fetchpriority=\"high\" decoding=\"async\" width=\"768\" height=\"1024\" src=\"https:\/\/portal.fgeo.gob.mx\/minio\/pagina\/wp-content\/uploads\/2026\/04\/BOLETIN-2380-768x1024.jpeg\" alt=\"\" class=\"wp-image-22805\" srcset=\"https:\/\/portal.fgeo.gob.mx\/minio\/pagina\/wp-content\/uploads\/2026\/04\/BOLETIN-2380-768x1024.jpeg 768w, https:\/\/portal.fgeo.gob.mx\/minio\/pagina\/wp-content\/uploads\/2026\/04\/BOLETIN-2380-225x300.jpeg 225w, https:\/\/portal.fgeo.gob.mx\/minio\/pagina\/wp-content\/uploads\/2026\/04\/BOLETIN-2380-1152x1536.jpeg 1152w, https:\/\/portal.fgeo.gob.mx\/minio\/pagina\/wp-content\/uploads\/2026\/04\/BOLETIN-2380.jpeg 1200w\" sizes=\"(max-width: 768px) 100vw, 768px\" \/><\/figure>\n","protected":false},"author":2,"featured_media":0,"comment_status":"closed","ping_status":"closed","template":"","tags":[],"categoria_noticias":[],"class_list":["post-22804","noticias","type-noticias","status-publish","hentry"],"acf":[],"mb":[],"mfb_rest_fields":["title","gutenberg_elementor_mode"],"_links":{"self":[{"href":"https:\/\/portal.fgeo.gob.mx\/index.php\/wp-json\/wp\/v2\/noticias\/22804","targetHints":{"allow":["GET"]}}],"collection":[{"href":"https:\/\/portal.fgeo.gob.mx\/index.php\/wp-json\/wp\/v2\/noticias"}],"about":[{"href":"https:\/\/portal.fgeo.gob.mx\/index.php\/wp-json\/wp\/v2\/types\/noticias"}],"author":[{"embeddable":true,"href":"https:\/\/portal.fgeo.gob.mx\/index.php\/wp-json\/wp\/v2\/users\/2"}],"replies":[{"embeddable":true,"href":"https:\/\/portal.fgeo.gob.mx\/index.php\/wp-json\/wp\/v2\/comments?post=22804"}],"wp:attachment":[{"href":"https:\/\/portal.fgeo.gob.mx\/index.php\/wp-json\/wp\/v2\/media?parent=22804"}],"wp:term":[{"taxonomy":"post_tag","embeddable":true,"href":"https:\/\/portal.fgeo.gob.mx\/index.php\/wp-json\/wp\/v2\/tags?post=22804"},{"taxonomy":"categoria_noticias","embeddable":true,"href":"https:\/\/portal.fgeo.gob.mx\/index.php\/wp-json\/wp\/v2\/categoria_noticias?post=22804"}],"curies":[{"name":"wp","href":"https:\/\/api.w.org\/{rel}","templated":true}]}}