{"id":22801,"date":"2026-04-20T08:16:57","date_gmt":"2026-04-20T14:16:57","guid":{"rendered":"https:\/\/portal.fgeo.gob.mx\/?post_type=noticias&#038;p=22801"},"modified":"2026-04-20T08:16:57","modified_gmt":"2026-04-20T14:16:57","slug":"boletin-2379-intervencion-inmediata-de-fiscalia-de-oaxaca-permite-detencion-en-flagrancia-de-imputado-por-pornografia-infantil","status":"publish","type":"noticias","link":"https:\/\/portal.fgeo.gob.mx\/index.php\/archivos\/noticias\/boletin-2379-intervencion-inmediata-de-fiscalia-de-oaxaca-permite-detencion-en-flagrancia-de-imputado-por-pornografia-infantil","title":{"rendered":"BOLET\u00cdN 2,379.- Intervenci\u00f3n inmediata de Fiscal\u00eda de Oaxaca permite detenci\u00f3n en flagrancia de imputado por pornograf\u00eda infantil"},"content":{"rendered":"\n<ul class=\"wp-block-list\">\n<li>La denuncia oportuna a trav\u00e9s de plataforma digital de atenci\u00f3n ciudadana activ\u00f3 operativo de emergencia<\/li>\n\n\n\n<li>El imputado contact\u00f3 a la adolescente de 14 a\u00f1os mediante redes sociales; se encuentra bajo prisi\u00f3n preventiva.<\/li>\n<\/ul>\n\n\n\n<p>Oaxaca de Ju\u00e1rez, Oax., a 20 de abril de 2026.- La respuesta inmediata de la Fiscal\u00eda General del Estado de Oaxaca (FGEO), a trav\u00e9s de la Fiscal\u00eda Especializada en Atenci\u00f3n de Ni\u00f1as, Ni\u00f1os y Adolescentes, permiti\u00f3 la detenci\u00f3n en flagrancia de una persona del sexo masculino, identificada por las iniciales J. G. A. J., como probable responsable del delito de pornograf\u00eda infantil en agravio de una v\u00edctima de 14 a\u00f1os de edad.<\/p>\n\n\n\n<p>La intervenci\u00f3n ministerial se origin\u00f3 el 16 de abril de 2026, luego de que la madre de la v\u00edctima, al detectar conversaciones irregulares en el tel\u00e9fono de su hija, denunci\u00f3 a trav\u00e9s de las plataformas digitales de atenci\u00f3n ciudadana.<\/p>\n\n\n\n<p>Ante la alerta, la FGEO activ\u00f3 un operativo de emergencia a trav\u00e9s de la Agencia Estatal de Investigaciones en San Luis Beltr\u00e1n, Oaxaca, logrando la captura del sujeto en el momento en que pretend\u00eda trasladar a la v\u00edctima a otro sitio.<\/p>\n\n\n\n<p>De acuerdo con la investigaci\u00f3n, el imputado estableci\u00f3 contacto con la adolescente a trav\u00e9s de Instagram y WhatsApp, plataformas utilizadas para el env\u00edo de material expl\u00edcito y el acoso constante.<\/p>\n\n\n\n<p>Tras la detenci\u00f3n, el Juez de Control calific\u00f3 de legal la captura y comunic\u00f3 la imputaci\u00f3n. Actualmente, el imputado se acogi\u00f3 al t\u00e9rmino constitucional, por lo que el Juez impuso la medida cautelar provisional de prisi\u00f3n preventiva en tanto se resuelve su situaci\u00f3n jur\u00eddica.<\/p>\n\n\n\n<figure class=\"wp-block-gallery has-nested-images columns-default is-cropped wp-block-gallery-1 is-layout-flex wp-block-gallery-is-layout-flex\">\n<figure class=\"wp-block-image size-large\"><img fetchpriority=\"high\" decoding=\"async\" width=\"809\" height=\"1024\" data-id=\"22802\" src=\"https:\/\/portal.fgeo.gob.mx\/minio\/pagina\/wp-content\/uploads\/2026\/04\/Diseno-sin-titulo-1776694613-809x1024.jpg\" alt=\"\" class=\"wp-image-22802\" srcset=\"https:\/\/portal.fgeo.gob.mx\/minio\/pagina\/wp-content\/uploads\/2026\/04\/Diseno-sin-titulo-1776694613-809x1024.jpg 809w, https:\/\/portal.fgeo.gob.mx\/minio\/pagina\/wp-content\/uploads\/2026\/04\/Diseno-sin-titulo-1776694613-237x300.jpg 237w, https:\/\/portal.fgeo.gob.mx\/minio\/pagina\/wp-content\/uploads\/2026\/04\/Diseno-sin-titulo-1776694613-768x973.jpg 768w, https:\/\/portal.fgeo.gob.mx\/minio\/pagina\/wp-content\/uploads\/2026\/04\/Diseno-sin-titulo-1776694613.jpg 1152w\" sizes=\"(max-width: 809px) 100vw, 809px\" \/><figcaption class=\"wp-element-caption\">Dise\u00f1o sin t\u00edtulo &#8211; 1<\/figcaption><\/figure>\n\n\n\n<figure class=\"wp-block-image size-large\"><img decoding=\"async\" width=\"771\" height=\"1024\" data-id=\"22803\" src=\"https:\/\/portal.fgeo.gob.mx\/minio\/pagina\/wp-content\/uploads\/2026\/04\/Diseno-sin-titulo-1-9-771x1024.jpg\" alt=\"\" class=\"wp-image-22803\" srcset=\"https:\/\/portal.fgeo.gob.mx\/minio\/pagina\/wp-content\/uploads\/2026\/04\/Diseno-sin-titulo-1-9-771x1024.jpg 771w, https:\/\/portal.fgeo.gob.mx\/minio\/pagina\/wp-content\/uploads\/2026\/04\/Diseno-sin-titulo-1-9-226x300.jpg 226w, https:\/\/portal.fgeo.gob.mx\/minio\/pagina\/wp-content\/uploads\/2026\/04\/Diseno-sin-titulo-1-9-768x1021.jpg 768w, https:\/\/portal.fgeo.gob.mx\/minio\/pagina\/wp-content\/uploads\/2026\/04\/Diseno-sin-titulo-1-9-1156x1536.jpg 1156w, https:\/\/portal.fgeo.gob.mx\/minio\/pagina\/wp-content\/uploads\/2026\/04\/Diseno-sin-titulo-1-9.jpg 1204w\" sizes=\"(max-width: 771px) 100vw, 771px\" \/><\/figure>\n<\/figure>\n","protected":false},"author":2,"featured_media":0,"comment_status":"closed","ping_status":"closed","template":"","tags":[],"categoria_noticias":[],"class_list":["post-22801","noticias","type-noticias","status-publish","hentry"],"acf":[],"mb":[],"mfb_rest_fields":["title","gutenberg_elementor_mode"],"_links":{"self":[{"href":"https:\/\/portal.fgeo.gob.mx\/index.php\/wp-json\/wp\/v2\/noticias\/22801","targetHints":{"allow":["GET"]}}],"collection":[{"href":"https:\/\/portal.fgeo.gob.mx\/index.php\/wp-json\/wp\/v2\/noticias"}],"about":[{"href":"https:\/\/portal.fgeo.gob.mx\/index.php\/wp-json\/wp\/v2\/types\/noticias"}],"author":[{"embeddable":true,"href":"https:\/\/portal.fgeo.gob.mx\/index.php\/wp-json\/wp\/v2\/users\/2"}],"replies":[{"embeddable":true,"href":"https:\/\/portal.fgeo.gob.mx\/index.php\/wp-json\/wp\/v2\/comments?post=22801"}],"wp:attachment":[{"href":"https:\/\/portal.fgeo.gob.mx\/index.php\/wp-json\/wp\/v2\/media?parent=22801"}],"wp:term":[{"taxonomy":"post_tag","embeddable":true,"href":"https:\/\/portal.fgeo.gob.mx\/index.php\/wp-json\/wp\/v2\/tags?post=22801"},{"taxonomy":"categoria_noticias","embeddable":true,"href":"https:\/\/portal.fgeo.gob.mx\/index.php\/wp-json\/wp\/v2\/categoria_noticias?post=22801"}],"curies":[{"name":"wp","href":"https:\/\/api.w.org\/{rel}","templated":true}]}}