{"id":22180,"date":"2026-03-25T17:29:18","date_gmt":"2026-03-25T23:29:18","guid":{"rendered":"https:\/\/portal.fgeo.gob.mx\/?post_type=noticias&#038;p=22180"},"modified":"2026-03-25T17:29:18","modified_gmt":"2026-03-25T23:29:18","slug":"boletin-2313-obtiene-fgeo-vinculacion-a-proceso-en-contra-de-dos-hombres-por-homicidio-y-tentativa-de-homicidio","status":"publish","type":"noticias","link":"https:\/\/portal.fgeo.gob.mx\/index.php\/archivos\/noticias\/boletin-2313-obtiene-fgeo-vinculacion-a-proceso-en-contra-de-dos-hombres-por-homicidio-y-tentativa-de-homicidio","title":{"rendered":"BOLET\u00cdN 2,313.- Obtiene FGEO vinculaci\u00f3n a proceso en contra de dos hombres por homicidio y tentativa de homicidio"},"content":{"rendered":"\n<p><em>*_Los imputados fueron detenidos en el estado de Coahuila_<\/em><\/p>\n\n\n\n<p><strong>Oaxaca de Ju\u00e1rez, Oax., a 25 de marzo de 2026.\u2013<\/strong> La Fiscal\u00eda General del Estado de Oaxaca obtuvo la vinculaci\u00f3n a proceso en contra de dos personas dos personas identificadas como A.L.J. y J.L.J.,- quienes fueron detenidos en Coahuila- por el delito de homicidio y tentativa de homicidio,&nbsp; en hechos ocurridos en la regi\u00f3n de los Valles Centrales.<\/p>\n\n\n\n<p>La investigaci\u00f3n ministerial especializada en delitos de alto impacto que realiza la Fiscal\u00eda General del Estado de Oaxaca (FGEO), indica que los hechos ocurrieron el 11 de enero de 2025, cuando las v\u00edctimas identificadas como C.J.A.R. y M.B.A.R., se encontraban en un terreno ubicado en el paraje conocido como La Tuna, en el municipio de San Miguel Tilqui\u00e1pam.<\/p>\n\n\n\n<p>De acuerdo con la carpeta de investigaci\u00f3n en ese paraje de \u201cLa Tuna\u201d, las v\u00edctimas fueron atacadas con disparos de arma de fuego, lo que provoc\u00f3 la muerte de C.J.A.R., mientras que M.B.A.R., result\u00f3 con lesiones de gravedad.<\/p>\n\n\n\n<p>Tras tomar conocimiento del caso, la FGEO, a trav\u00e9s de la Vicefiscal\u00eda Regional de Valles Centrales, inici\u00f3 las investigaciones correspondientes que permitieron obtener una orden de aprehensi\u00f3n en contra de A.L.J. y J.L.J.<\/p>\n\n\n\n<p>Derivado de las labores de localizaci\u00f3n y colaboraci\u00f3n con la Fiscal\u00eda General del Estado de Coahuila, se logr\u00f3 establecer que ambos imputados se encontraban en esa entidad, por lo que a trav\u00e9s de la colaboraci\u00f3n interinstitucional fue posible ejecutar el mandato judicial.<\/p>\n\n\n\n<p>Los imputados despu\u00e9s de ser detenidos, fueron puestos a disposici\u00f3n de la autoridad competente y con base en los datos de prueba presentados por el Ministerio P\u00fablico, el juez de la causa determin\u00f3 vincular a proceso a los imputados y les impuso la medida cautelar de prisi\u00f3n preventiva oficiosa.<\/p>\n\n\n\n<p>La Fiscal\u00eda de Oaxaca aplica protocolos especializados, as\u00ed como el uso de t\u00e9cnicas cient\u00edficas en la investigaci\u00f3n de delitos de alto impacto, permite fortalecer los procesos de procuraci\u00f3n de justicia y garantizar resultados en el combate a la impunidad.<\/p>\n\n\n\n<figure class=\"wp-block-image size-full\"><img fetchpriority=\"high\" decoding=\"async\" width=\"818\" height=\"838\" src=\"https:\/\/portal.fgeo.gob.mx\/minio\/pagina\/wp-content\/uploads\/2026\/03\/2313.jpeg\" alt=\"\" class=\"wp-image-22181\" srcset=\"https:\/\/portal.fgeo.gob.mx\/minio\/pagina\/wp-content\/uploads\/2026\/03\/2313.jpeg 818w, https:\/\/portal.fgeo.gob.mx\/minio\/pagina\/wp-content\/uploads\/2026\/03\/2313-293x300.jpeg 293w, https:\/\/portal.fgeo.gob.mx\/minio\/pagina\/wp-content\/uploads\/2026\/03\/2313-768x787.jpeg 768w\" sizes=\"(max-width: 818px) 100vw, 818px\" \/><\/figure>\n","protected":false},"author":2,"featured_media":0,"comment_status":"closed","ping_status":"closed","template":"","tags":[],"categoria_noticias":[],"class_list":["post-22180","noticias","type-noticias","status-publish","hentry"],"acf":[],"mb":[],"mfb_rest_fields":["title","gutenberg_elementor_mode"],"_links":{"self":[{"href":"https:\/\/portal.fgeo.gob.mx\/index.php\/wp-json\/wp\/v2\/noticias\/22180","targetHints":{"allow":["GET"]}}],"collection":[{"href":"https:\/\/portal.fgeo.gob.mx\/index.php\/wp-json\/wp\/v2\/noticias"}],"about":[{"href":"https:\/\/portal.fgeo.gob.mx\/index.php\/wp-json\/wp\/v2\/types\/noticias"}],"author":[{"embeddable":true,"href":"https:\/\/portal.fgeo.gob.mx\/index.php\/wp-json\/wp\/v2\/users\/2"}],"replies":[{"embeddable":true,"href":"https:\/\/portal.fgeo.gob.mx\/index.php\/wp-json\/wp\/v2\/comments?post=22180"}],"wp:attachment":[{"href":"https:\/\/portal.fgeo.gob.mx\/index.php\/wp-json\/wp\/v2\/media?parent=22180"}],"wp:term":[{"taxonomy":"post_tag","embeddable":true,"href":"https:\/\/portal.fgeo.gob.mx\/index.php\/wp-json\/wp\/v2\/tags?post=22180"},{"taxonomy":"categoria_noticias","embeddable":true,"href":"https:\/\/portal.fgeo.gob.mx\/index.php\/wp-json\/wp\/v2\/categoria_noticias?post=22180"}],"curies":[{"name":"wp","href":"https:\/\/api.w.org\/{rel}","templated":true}]}}