{"id":22165,"date":"2026-03-25T11:30:00","date_gmt":"2026-03-25T17:30:00","guid":{"rendered":"https:\/\/portal.fgeo.gob.mx\/?post_type=noticias&#038;p=22165"},"modified":"2026-03-25T11:06:35","modified_gmt":"2026-03-25T17:06:35","slug":"boletin-2312-fgeo-obtiene-vinculacion-a-proceso-y-prision-contra-imputado-por-violacion-agravada-victima-de-15-anos-presenta-embarazo","status":"publish","type":"noticias","link":"https:\/\/portal.fgeo.gob.mx\/index.php\/archivos\/noticias\/boletin-2312-fgeo-obtiene-vinculacion-a-proceso-y-prision-contra-imputado-por-violacion-agravada-victima-de-15-anos-presenta-embarazo","title":{"rendered":"BOLET\u00cdN 2,312.- FGEO obtiene vinculaci\u00f3n a proceso y prisi\u00f3n contra imputado por violaci\u00f3n agravada; v\u00edctima de 15 a\u00f1os presenta embarazo"},"content":{"rendered":"\n<p>Oaxaca de Ju\u00e1rez, Oax., 25 de marzo de 2026.- Las investigaciones realizadas por la Fiscal\u00eda General del Estado de Oaxaca (FGEO) permitieron que un juez dictara auto de vinculaci\u00f3n a proceso y prisi\u00f3n preventiva oficiosa contra un hombre identificado como R.R.G., se\u00f1alado como probable responsable del delito de violaci\u00f3n agravada en agravio de una adolescente, por hechos ocurridos en Valles Centrales.<\/p>\n\n\n\n<p>De acuerdo con el expediente penal, los hechos ocurrieron el 3 de julio de 2025, cuando la v\u00edctima -una menor de 15 a\u00f1os de edad, cuya identidad est\u00e1 reservada por ley- fue agredida sexualmente mientras se encontraba recogiendo le\u00f1a en la privada de Matamoros, en Santa In\u00e9s del Monte, perteneciente a la Villa de Zaachila.&nbsp;<\/p>\n\n\n\n<p>Como consecuencia de la agresi\u00f3n, la v\u00edctima presenta un embarazo, adem\u00e1s de un trastorno de adaptaci\u00f3n con ansiedad aguda, de acuerdo con los dict\u00e1menes m\u00e9dicos y psicol\u00f3gicos realizados durante la investigaci\u00f3n.<\/p>\n\n\n\n<p>Tras recibir la denuncia, la FGEO inici\u00f3 las investigaciones correspondientes a trav\u00e9s de la Unidad de G\u00e9nero, adscrita a la Vicefiscal\u00eda Regional de Valles Centrales, instancia que reuni\u00f3 los datos de prueba necesarios para obtener una orden de aprehensi\u00f3n contra el ahora imputado.<\/p>\n\n\n\n<p>Dicho mandato judicial fue ejecutado por elementos de la Agencia Estatal de Investigaciones (AEI), quienes lo prestaron ante la autoridad competente.<\/p>\n\n\n\n<p>Derivado de la valoraci\u00f3n de los datos de prueba presentados por la FGEO, el Juez de la causa dict\u00f3 auto de vinculaci\u00f3n a proceso en contra de R.R.G., por el delito de violaci\u00f3n agravada, adem\u00e1s de imponer como medida cautelar la prisi\u00f3n preventiva oficiosa.<\/p>\n\n\n\n<p>La Fiscal\u00eda General del Estado de Oaxaca refrenda su compromiso de procurar justicia para las v\u00edctimas, priorizando la investigaci\u00f3n de los delitos cometidos contra mujeres, ni\u00f1as y adolescentes, con el objetivo de llevar ante la justicia a quienes resulten responsables y garantizar el derecho de todas las personas a una vida libre de violencia.<\/p>\n\n\n\n<figure class=\"wp-block-image size-full\"><img fetchpriority=\"high\" decoding=\"async\" width=\"623\" height=\"584\" src=\"https:\/\/portal.fgeo.gob.mx\/minio\/pagina\/wp-content\/uploads\/2026\/03\/Diseno-sin-titulo-1774458381.jpg\" alt=\"\" class=\"wp-image-22166\" srcset=\"https:\/\/portal.fgeo.gob.mx\/minio\/pagina\/wp-content\/uploads\/2026\/03\/Diseno-sin-titulo-1774458381.jpg 623w, https:\/\/portal.fgeo.gob.mx\/minio\/pagina\/wp-content\/uploads\/2026\/03\/Diseno-sin-titulo-1774458381-300x281.jpg 300w\" sizes=\"(max-width: 623px) 100vw, 623px\" \/><\/figure>\n","protected":false},"author":2,"featured_media":0,"comment_status":"closed","ping_status":"closed","template":"","tags":[],"categoria_noticias":[],"class_list":["post-22165","noticias","type-noticias","status-publish","hentry"],"acf":[],"mb":[],"mfb_rest_fields":["title","gutenberg_elementor_mode"],"_links":{"self":[{"href":"https:\/\/portal.fgeo.gob.mx\/index.php\/wp-json\/wp\/v2\/noticias\/22165","targetHints":{"allow":["GET"]}}],"collection":[{"href":"https:\/\/portal.fgeo.gob.mx\/index.php\/wp-json\/wp\/v2\/noticias"}],"about":[{"href":"https:\/\/portal.fgeo.gob.mx\/index.php\/wp-json\/wp\/v2\/types\/noticias"}],"author":[{"embeddable":true,"href":"https:\/\/portal.fgeo.gob.mx\/index.php\/wp-json\/wp\/v2\/users\/2"}],"replies":[{"embeddable":true,"href":"https:\/\/portal.fgeo.gob.mx\/index.php\/wp-json\/wp\/v2\/comments?post=22165"}],"wp:attachment":[{"href":"https:\/\/portal.fgeo.gob.mx\/index.php\/wp-json\/wp\/v2\/media?parent=22165"}],"wp:term":[{"taxonomy":"post_tag","embeddable":true,"href":"https:\/\/portal.fgeo.gob.mx\/index.php\/wp-json\/wp\/v2\/tags?post=22165"},{"taxonomy":"categoria_noticias","embeddable":true,"href":"https:\/\/portal.fgeo.gob.mx\/index.php\/wp-json\/wp\/v2\/categoria_noticias?post=22165"}],"curies":[{"name":"wp","href":"https:\/\/api.w.org\/{rel}","templated":true}]}}