{"id":22160,"date":"2026-03-25T08:04:01","date_gmt":"2026-03-25T14:04:01","guid":{"rendered":"https:\/\/portal.fgeo.gob.mx\/?post_type=noticias&#038;p=22160"},"modified":"2026-03-25T08:04:01","modified_gmt":"2026-03-25T14:04:01","slug":"boletin-2311-fiscalia-de-oaxaca-obtiene-vinculacion-a-proceso-y-prision-contra-cuatro-por-asociacion-delictuosa-y-narcomenudeo-en-la-costa-detenidos-con-armas-y-drogas","status":"publish","type":"noticias","link":"https:\/\/portal.fgeo.gob.mx\/index.php\/archivos\/noticias\/boletin-2311-fiscalia-de-oaxaca-obtiene-vinculacion-a-proceso-y-prision-contra-cuatro-por-asociacion-delictuosa-y-narcomenudeo-en-la-costa-detenidos-con-armas-y-drogas","title":{"rendered":"BOLET\u00cdN 2,311.- Fiscal\u00eda de Oaxaca obtiene vinculaci\u00f3n a proceso y prisi\u00f3n contra cuatro por asociaci\u00f3n delictuosa y narcomenudeo en la Costa, detenidos con armas y drogas"},"content":{"rendered":"\n<p><strong>Oaxaca de Ju\u00e1rez, Oax., 25 de marzo de 2026.-<\/strong>La Fiscal\u00eda General del Estado de Oaxaca (FGEO) obtuvo auto de vinculaci\u00f3n a proceso y la medida cautelar de prisi\u00f3n preventiva en contra de cuatro personas, imputadas por los delitos de asociaci\u00f3n delictuosa y contra la salud, cometidos en la regi\u00f3n de la Costa.<\/p>\n\n\n\n<p>De acuerdo con la causa penal, los hechos ocurrieron el 18 de febrero de 2026, cuando elementos de la Polic\u00eda Municipal de Santiago Pinotepa Nacional realizaban recorridos de vigilancia sobre el camino que comunica a la comunidad de Llano de la Vaca -agencia municipal perteneciente a San Sebasti\u00e1n Ixcapa- con el municipio de Santiago Llano Grande \u201cLa Banda\u201d.<\/p>\n\n\n\n<p>Durante el operativo, los elementos de seguridad se encontraron con un grupo de personas que viajaban a bordo de dos motocicletas, quienes portaban armas largas y se encontraban en posesi\u00f3n de diversas dosis de drogas, entre ellas hierba verde y una sustancia s\u00f3lida granulada.<\/p>\n\n\n\n<p>Ante estos hechos, las cuatro personas fueron detenidas y puestas a disposici\u00f3n de la autoridad correspondiente.&nbsp;<\/p>\n\n\n\n<p>Tras valorar los datos de prueba presentados por la FGEO a trav\u00e9s de la Vicefiscal\u00eda Regional de la Costa, el Juez de&nbsp;Control dict\u00f3 auto de vinculaci\u00f3n a proceso en contra de A.L.A., F.S.R., A.G.M. y E.E.Z.M., por los delitos de asociaci\u00f3n delictuosa y contra la salud, adem\u00e1s de imponer la medida cautelar de prisi\u00f3n preventiva y otorgar el plazo de dos meses para el cierre de la investigaci\u00f3n complementaria.<\/p>\n\n\n\n<p>La Fiscal\u00eda General del Estado de Oaxaca reiter\u00f3 que, mediante la aplicaci\u00f3n de protocolos de investigaci\u00f3n y el uso de t\u00e9cnicas cient\u00edficas, fortalece las acciones para combatir los delitos contra la salud y garantizar la procuraci\u00f3n de justicia en beneficio de la sociedad oaxaque\u00f1a.<\/p>\n\n\n\n<figure class=\"wp-block-gallery has-nested-images columns-default is-cropped wp-block-gallery-1 is-layout-flex wp-block-gallery-is-layout-flex\">\n<figure class=\"wp-block-image size-large\"><img fetchpriority=\"high\" decoding=\"async\" width=\"534\" height=\"1024\" data-id=\"22161\" src=\"https:\/\/portal.fgeo.gob.mx\/minio\/pagina\/wp-content\/uploads\/2026\/03\/WhatsApp-Image-2026-03-13-at-3.36.03-PM-534x1024.jpeg\" alt=\"\" class=\"wp-image-22161\" srcset=\"https:\/\/portal.fgeo.gob.mx\/minio\/pagina\/wp-content\/uploads\/2026\/03\/WhatsApp-Image-2026-03-13-at-3.36.03-PM-534x1024.jpeg 534w, https:\/\/portal.fgeo.gob.mx\/minio\/pagina\/wp-content\/uploads\/2026\/03\/WhatsApp-Image-2026-03-13-at-3.36.03-PM-156x300.jpeg 156w, https:\/\/portal.fgeo.gob.mx\/minio\/pagina\/wp-content\/uploads\/2026\/03\/WhatsApp-Image-2026-03-13-at-3.36.03-PM-768x1473.jpeg 768w, https:\/\/portal.fgeo.gob.mx\/minio\/pagina\/wp-content\/uploads\/2026\/03\/WhatsApp-Image-2026-03-13-at-3.36.03-PM-801x1536.jpeg 801w, https:\/\/portal.fgeo.gob.mx\/minio\/pagina\/wp-content\/uploads\/2026\/03\/WhatsApp-Image-2026-03-13-at-3.36.03-PM.jpeg 834w\" sizes=\"(max-width: 534px) 100vw, 534px\" \/><\/figure>\n\n\n\n<figure class=\"wp-block-image size-large\"><img decoding=\"async\" width=\"576\" height=\"1024\" data-id=\"22162\" src=\"https:\/\/portal.fgeo.gob.mx\/minio\/pagina\/wp-content\/uploads\/2026\/03\/WhatsApp-Image-2026-03-13-at-3.36.04-PM-576x1024.jpeg\" alt=\"\" class=\"wp-image-22162\" srcset=\"https:\/\/portal.fgeo.gob.mx\/minio\/pagina\/wp-content\/uploads\/2026\/03\/WhatsApp-Image-2026-03-13-at-3.36.04-PM-576x1024.jpeg 576w, https:\/\/portal.fgeo.gob.mx\/minio\/pagina\/wp-content\/uploads\/2026\/03\/WhatsApp-Image-2026-03-13-at-3.36.04-PM-169x300.jpeg 169w, https:\/\/portal.fgeo.gob.mx\/minio\/pagina\/wp-content\/uploads\/2026\/03\/WhatsApp-Image-2026-03-13-at-3.36.04-PM-768x1365.jpeg 768w, https:\/\/portal.fgeo.gob.mx\/minio\/pagina\/wp-content\/uploads\/2026\/03\/WhatsApp-Image-2026-03-13-at-3.36.04-PM-864x1536.jpeg 864w, https:\/\/portal.fgeo.gob.mx\/minio\/pagina\/wp-content\/uploads\/2026\/03\/WhatsApp-Image-2026-03-13-at-3.36.04-PM-1152x2048.jpeg 1152w, https:\/\/portal.fgeo.gob.mx\/minio\/pagina\/wp-content\/uploads\/2026\/03\/WhatsApp-Image-2026-03-13-at-3.36.04-PM-scaled.jpeg 1440w\" sizes=\"(max-width: 576px) 100vw, 576px\" \/><\/figure>\n\n\n\n<figure class=\"wp-block-image size-large\"><img decoding=\"async\" width=\"576\" height=\"1024\" data-id=\"22163\" src=\"https:\/\/portal.fgeo.gob.mx\/minio\/pagina\/wp-content\/uploads\/2026\/03\/WhatsApp-Image-2026-03-13-at-3.36.04-PM-1-576x1024.jpeg\" alt=\"\" class=\"wp-image-22163\" srcset=\"https:\/\/portal.fgeo.gob.mx\/minio\/pagina\/wp-content\/uploads\/2026\/03\/WhatsApp-Image-2026-03-13-at-3.36.04-PM-1-576x1024.jpeg 576w, https:\/\/portal.fgeo.gob.mx\/minio\/pagina\/wp-content\/uploads\/2026\/03\/WhatsApp-Image-2026-03-13-at-3.36.04-PM-1-169x300.jpeg 169w, https:\/\/portal.fgeo.gob.mx\/minio\/pagina\/wp-content\/uploads\/2026\/03\/WhatsApp-Image-2026-03-13-at-3.36.04-PM-1-768x1365.jpeg 768w, https:\/\/portal.fgeo.gob.mx\/minio\/pagina\/wp-content\/uploads\/2026\/03\/WhatsApp-Image-2026-03-13-at-3.36.04-PM-1-864x1536.jpeg 864w, https:\/\/portal.fgeo.gob.mx\/minio\/pagina\/wp-content\/uploads\/2026\/03\/WhatsApp-Image-2026-03-13-at-3.36.04-PM-1-1152x2048.jpeg 1152w, https:\/\/portal.fgeo.gob.mx\/minio\/pagina\/wp-content\/uploads\/2026\/03\/WhatsApp-Image-2026-03-13-at-3.36.04-PM-1-scaled.jpeg 1440w\" sizes=\"(max-width: 576px) 100vw, 576px\" \/><\/figure>\n\n\n\n<figure class=\"wp-block-image size-large\"><img loading=\"lazy\" decoding=\"async\" width=\"616\" height=\"1024\" data-id=\"22164\" src=\"https:\/\/portal.fgeo.gob.mx\/minio\/pagina\/wp-content\/uploads\/2026\/03\/WhatsApp-Image-2026-03-13-at-3.36.05-PM-616x1024.jpeg\" alt=\"\" class=\"wp-image-22164\" srcset=\"https:\/\/portal.fgeo.gob.mx\/minio\/pagina\/wp-content\/uploads\/2026\/03\/WhatsApp-Image-2026-03-13-at-3.36.05-PM-616x1024.jpeg 616w, https:\/\/portal.fgeo.gob.mx\/minio\/pagina\/wp-content\/uploads\/2026\/03\/WhatsApp-Image-2026-03-13-at-3.36.05-PM-180x300.jpeg 180w, https:\/\/portal.fgeo.gob.mx\/minio\/pagina\/wp-content\/uploads\/2026\/03\/WhatsApp-Image-2026-03-13-at-3.36.05-PM-768x1277.jpeg 768w, https:\/\/portal.fgeo.gob.mx\/minio\/pagina\/wp-content\/uploads\/2026\/03\/WhatsApp-Image-2026-03-13-at-3.36.05-PM-924x1536.jpeg 924w, https:\/\/portal.fgeo.gob.mx\/minio\/pagina\/wp-content\/uploads\/2026\/03\/WhatsApp-Image-2026-03-13-at-3.36.05-PM-1231x2048.jpeg 1231w, https:\/\/portal.fgeo.gob.mx\/minio\/pagina\/wp-content\/uploads\/2026\/03\/WhatsApp-Image-2026-03-13-at-3.36.05-PM-scaled.jpeg 1539w\" sizes=\"(max-width: 616px) 100vw, 616px\" \/><\/figure>\n<\/figure>\n","protected":false},"author":2,"featured_media":0,"comment_status":"closed","ping_status":"closed","template":"","tags":[],"categoria_noticias":[],"class_list":["post-22160","noticias","type-noticias","status-publish","hentry"],"acf":[],"mb":[],"mfb_rest_fields":["title","gutenberg_elementor_mode"],"_links":{"self":[{"href":"https:\/\/portal.fgeo.gob.mx\/index.php\/wp-json\/wp\/v2\/noticias\/22160","targetHints":{"allow":["GET"]}}],"collection":[{"href":"https:\/\/portal.fgeo.gob.mx\/index.php\/wp-json\/wp\/v2\/noticias"}],"about":[{"href":"https:\/\/portal.fgeo.gob.mx\/index.php\/wp-json\/wp\/v2\/types\/noticias"}],"author":[{"embeddable":true,"href":"https:\/\/portal.fgeo.gob.mx\/index.php\/wp-json\/wp\/v2\/users\/2"}],"replies":[{"embeddable":true,"href":"https:\/\/portal.fgeo.gob.mx\/index.php\/wp-json\/wp\/v2\/comments?post=22160"}],"wp:attachment":[{"href":"https:\/\/portal.fgeo.gob.mx\/index.php\/wp-json\/wp\/v2\/media?parent=22160"}],"wp:term":[{"taxonomy":"post_tag","embeddable":true,"href":"https:\/\/portal.fgeo.gob.mx\/index.php\/wp-json\/wp\/v2\/tags?post=22160"},{"taxonomy":"categoria_noticias","embeddable":true,"href":"https:\/\/portal.fgeo.gob.mx\/index.php\/wp-json\/wp\/v2\/categoria_noticias?post=22160"}],"curies":[{"name":"wp","href":"https:\/\/api.w.org\/{rel}","templated":true}]}}