{"id":22149,"date":"2026-03-23T17:32:39","date_gmt":"2026-03-23T23:32:39","guid":{"rendered":"https:\/\/portal.fgeo.gob.mx\/?post_type=noticias&#038;p=22149"},"modified":"2026-03-23T17:32:39","modified_gmt":"2026-03-23T23:32:39","slug":"boletin-2307-detenido-por-abuso-sexual-en-agravio-de-dos-ninas-las-victimas-acudieron-a-una-tienda-cuando-fueron-agredidas-fiscalia-de-oaxaca","status":"publish","type":"noticias","link":"https:\/\/portal.fgeo.gob.mx\/index.php\/archivos\/noticias\/boletin-2307-detenido-por-abuso-sexual-en-agravio-de-dos-ninas-las-victimas-acudieron-a-una-tienda-cuando-fueron-agredidas-fiscalia-de-oaxaca","title":{"rendered":"BOLET\u00cdN 2,307.- Detenido por abuso sexual en agravio de dos ni\u00f1as, las v\u00edctimas acudieron a una tienda cuando fueron agredidas: Fiscal\u00eda de Oaxaca"},"content":{"rendered":"\n<p><strong>Oaxaca de Ju\u00e1rez, Oax., a 23 de marzo de 2026. \u2013<\/strong> Como parte de la estrategia de cero tolerancia a los delitos contra ni\u00f1as, ni\u00f1os y adolescentes, la Fiscal\u00eda General del Estado de Oaxaca (FGEO) ejecut\u00f3 una orden de aprehensi\u00f3n en contra de un hombre identificado como P.E.V., por el delito de abuso sexual agravado cometido en perjuicio de dos menores de edad, en la regi\u00f3n de la Cuenca.<\/p>\n\n\n\n<p>De acuerdo con el expediente penal, los hechos ocurrieron el 16 de diciembre de 2022, en un domicilio habilitado como establecimiento comercial, ubicado en la localidad de Laguna Arroyo Grande, en el municipio de San Lucas Ojitl\u00e1n.<\/p>\n\n\n\n<p>Las investigaciones establecen que las v\u00edctimas -cuya identidad se reserva por ley- acudieron al lugar para realizar una compra, momento en el que sufrieron una agresi\u00f3n, conducta que, conforme al C\u00f3digo Penal vigente en el Estado de Oaxaca, se configura como abuso sexual agravado.<\/p>\n\n\n\n<p>Tras cometer el delito, el agresor amenaz\u00f3 a las menores de edad para evitar que denunciar\u00e1n los hechos.<\/p>\n\n\n\n<p>Una vez que la instituci\u00f3n procuradora de justicia tuvo conocimiento del caso, inici\u00f3 las investigaciones correspondientes, lo que permiti\u00f3 obtener y ejecutar la orden de aprehensi\u00f3n en contra de P.E.V., quien fue detenido en un operativo encabezado por elementos de la Agencia Estatal de Investigaci\u00f3n adscritos a la Vicefiscal\u00eda Regional de la Cuenca.<\/p>\n\n\n\n<p>Luego de la detenci\u00f3n P.E.V., fue puesto a disposici\u00f3n de la autoridad ministerial competente, que determinar\u00e1 su situaci\u00f3n jur\u00eddica.<\/p>\n\n\n\n<p>La Fiscal\u00eda General del Estado de Oaxaca reitera su compromiso de brindar atenci\u00f3n integral a las v\u00edctimas, especialmente en casos que involucren a ni\u00f1as, ni\u00f1os y adolescentes, con el objetivo de garantizar su derecho a una vida libre de violencia.<\/p>\n\n\n\n<figure class=\"wp-block-image size-full\"><img fetchpriority=\"high\" decoding=\"async\" width=\"720\" height=\"843\" src=\"https:\/\/portal.fgeo.gob.mx\/minio\/pagina\/wp-content\/uploads\/2026\/03\/Diseno-sin-titulo-1774304509.jpg\" alt=\"\" class=\"wp-image-22150\" srcset=\"https:\/\/portal.fgeo.gob.mx\/minio\/pagina\/wp-content\/uploads\/2026\/03\/Diseno-sin-titulo-1774304509.jpg 720w, https:\/\/portal.fgeo.gob.mx\/minio\/pagina\/wp-content\/uploads\/2026\/03\/Diseno-sin-titulo-1774304509-256x300.jpg 256w\" sizes=\"(max-width: 720px) 100vw, 720px\" \/><figcaption class=\"wp-element-caption\">Dise\u00f1o sin t\u00edtulo &#8211; 1<\/figcaption><\/figure>\n","protected":false},"author":2,"featured_media":0,"comment_status":"closed","ping_status":"closed","template":"","tags":[],"categoria_noticias":[],"class_list":["post-22149","noticias","type-noticias","status-publish","hentry"],"acf":[],"mb":[],"mfb_rest_fields":["title","gutenberg_elementor_mode"],"_links":{"self":[{"href":"https:\/\/portal.fgeo.gob.mx\/index.php\/wp-json\/wp\/v2\/noticias\/22149","targetHints":{"allow":["GET"]}}],"collection":[{"href":"https:\/\/portal.fgeo.gob.mx\/index.php\/wp-json\/wp\/v2\/noticias"}],"about":[{"href":"https:\/\/portal.fgeo.gob.mx\/index.php\/wp-json\/wp\/v2\/types\/noticias"}],"author":[{"embeddable":true,"href":"https:\/\/portal.fgeo.gob.mx\/index.php\/wp-json\/wp\/v2\/users\/2"}],"replies":[{"embeddable":true,"href":"https:\/\/portal.fgeo.gob.mx\/index.php\/wp-json\/wp\/v2\/comments?post=22149"}],"wp:attachment":[{"href":"https:\/\/portal.fgeo.gob.mx\/index.php\/wp-json\/wp\/v2\/media?parent=22149"}],"wp:term":[{"taxonomy":"post_tag","embeddable":true,"href":"https:\/\/portal.fgeo.gob.mx\/index.php\/wp-json\/wp\/v2\/tags?post=22149"},{"taxonomy":"categoria_noticias","embeddable":true,"href":"https:\/\/portal.fgeo.gob.mx\/index.php\/wp-json\/wp\/v2\/categoria_noticias?post=22149"}],"curies":[{"name":"wp","href":"https:\/\/api.w.org\/{rel}","templated":true}]}}