{"id":22147,"date":"2026-03-23T11:33:32","date_gmt":"2026-03-23T17:33:32","guid":{"rendered":"https:\/\/portal.fgeo.gob.mx\/?post_type=noticias&#038;p=22147"},"modified":"2026-03-23T11:33:32","modified_gmt":"2026-03-23T17:33:32","slug":"boletin-2306-fiscalia-de-oaxaca-captura-en-el-istmo-a-un-hombre-estaba-profugo-por-feminicidio-cometido-en-el-estado-de-chiapas","status":"publish","type":"noticias","link":"https:\/\/portal.fgeo.gob.mx\/index.php\/archivos\/noticias\/boletin-2306-fiscalia-de-oaxaca-captura-en-el-istmo-a-un-hombre-estaba-profugo-por-feminicidio-cometido-en-el-estado-de-chiapas","title":{"rendered":"BOLET\u00cdN 2,306.- Fiscal\u00eda de Oaxaca captura en el Istmo a un hombre, estaba pr\u00f3fugo por feminicidio cometido en el estado de Chiapas"},"content":{"rendered":"\n<ul class=\"wp-block-list\">\n<li>\u00a0_El detenido es originario de Honduras; localizaron a la v\u00edctima sin vida en un cuarto de hotel, en\u00a0 Pijijiapan_<\/li>\n<\/ul>\n\n\n\n<p>Oaxaca de Ju\u00e1rez, Oax., 23 de marzo de 2026.- Derivado de la colaboraci\u00f3n interinstitucional con la Fiscal\u00eda del Estado de Chiapas, la Fiscal\u00eda General del Estado de Oaxaca (FGEO) dio cumplimiento a una orden de aprehensi\u00f3n que permiti\u00f3 la detenci\u00f3n de una persona del sexo masculino identificado como A.B.R.C., por el delito de feminicidio, cometido en aquel estado de vecino.<\/p>\n\n\n\n<p>De acuerdo con la causa penal, A.B.R.C., originario de Honduras, fue identificado, localizado y detenido en calles del municipio de Santo Domingo Zanatepec en la regi\u00f3n del Istmo de Tehuantepec.<\/p>\n\n\n\n<p>Conforme a los datos asentados en la investigaci\u00f3n, los hechos ocurrieron el 15 de marzo de 2026 en un hotel ubicado en el municipio de Pijijiapan, Chiapas, donde la v\u00edctima, una mujer-cuya identidad est\u00e1 reservada por ley- fue localizada sin vida, atada de pies y manos y con huellas visibles de violencia f\u00edsica.<\/p>\n\n\n\n<p>Derivado de trabajos de inteligencia criminal y labores de investigaci\u00f3n de la Vicefiscal\u00eda Regional del Istmo, elementos de la Agencia Estatal de Investigaciones (AEI) lograron establecer el paradero del presunto agresor, dando cumplimiento al mandato judicial en apego a los protocolos legales.<\/p>\n\n\n\n<p>El hombre detenido fue trasladado a Chiapas, para su puesta a disposici\u00f3n ante la autoridad competente para determinar su situaci\u00f3n jur\u00eddica.<\/p>\n\n\n\n<p>La Fiscal\u00eda General del Estado de Oaxaca refrenda su compromiso de garantizar el acceso a la justicia y fortalecer la coordinaci\u00f3n interinstitucional para combatir los delitos que atentan contra la vida y la integridad de las mujeres.<\/p>\n\n\n\n<figure class=\"wp-block-gallery has-nested-images columns-default is-cropped wp-block-gallery-1 is-layout-flex wp-block-gallery-is-layout-flex\">\n<figure class=\"wp-block-image size-large\"><img fetchpriority=\"high\" decoding=\"async\" width=\"751\" height=\"1024\" data-id=\"22148\" src=\"https:\/\/portal.fgeo.gob.mx\/minio\/pagina\/wp-content\/uploads\/2026\/03\/Diseno-sin-titulo-1774286178-751x1024.jpg\" alt=\"\" class=\"wp-image-22148\" srcset=\"https:\/\/portal.fgeo.gob.mx\/minio\/pagina\/wp-content\/uploads\/2026\/03\/Diseno-sin-titulo-1774286178-751x1024.jpg 751w, https:\/\/portal.fgeo.gob.mx\/minio\/pagina\/wp-content\/uploads\/2026\/03\/Diseno-sin-titulo-1774286178-220x300.jpg 220w, https:\/\/portal.fgeo.gob.mx\/minio\/pagina\/wp-content\/uploads\/2026\/03\/Diseno-sin-titulo-1774286178-768x1047.jpg 768w, https:\/\/portal.fgeo.gob.mx\/minio\/pagina\/wp-content\/uploads\/2026\/03\/Diseno-sin-titulo-1774286178.jpg 859w\" sizes=\"(max-width: 751px) 100vw, 751px\" \/><figcaption class=\"wp-element-caption\">Dise\u00f1o sin t\u00edtulo &#8211; 1<\/figcaption><\/figure>\n<\/figure>\n","protected":false},"author":2,"featured_media":0,"comment_status":"closed","ping_status":"closed","template":"","tags":[],"categoria_noticias":[],"class_list":["post-22147","noticias","type-noticias","status-publish","hentry"],"acf":[],"mb":[],"mfb_rest_fields":["title","gutenberg_elementor_mode"],"_links":{"self":[{"href":"https:\/\/portal.fgeo.gob.mx\/index.php\/wp-json\/wp\/v2\/noticias\/22147","targetHints":{"allow":["GET"]}}],"collection":[{"href":"https:\/\/portal.fgeo.gob.mx\/index.php\/wp-json\/wp\/v2\/noticias"}],"about":[{"href":"https:\/\/portal.fgeo.gob.mx\/index.php\/wp-json\/wp\/v2\/types\/noticias"}],"author":[{"embeddable":true,"href":"https:\/\/portal.fgeo.gob.mx\/index.php\/wp-json\/wp\/v2\/users\/2"}],"replies":[{"embeddable":true,"href":"https:\/\/portal.fgeo.gob.mx\/index.php\/wp-json\/wp\/v2\/comments?post=22147"}],"wp:attachment":[{"href":"https:\/\/portal.fgeo.gob.mx\/index.php\/wp-json\/wp\/v2\/media?parent=22147"}],"wp:term":[{"taxonomy":"post_tag","embeddable":true,"href":"https:\/\/portal.fgeo.gob.mx\/index.php\/wp-json\/wp\/v2\/tags?post=22147"},{"taxonomy":"categoria_noticias","embeddable":true,"href":"https:\/\/portal.fgeo.gob.mx\/index.php\/wp-json\/wp\/v2\/categoria_noticias?post=22147"}],"curies":[{"name":"wp","href":"https:\/\/api.w.org\/{rel}","templated":true}]}}