{"id":22122,"date":"2026-03-20T08:00:10","date_gmt":"2026-03-20T14:00:10","guid":{"rendered":"https:\/\/portal.fgeo.gob.mx\/?post_type=noticias&#038;p=22122"},"modified":"2026-03-20T08:00:10","modified_gmt":"2026-03-20T14:00:10","slug":"boletin-2299-fiscalia-de-oaxaca-captura-a-a-h-g-alias-el-tech-por-homicidio-con-arma-de-fuego-cometido-al-interior-de-una-vivienda-en-el-istmo-de-tehuantepec","status":"publish","type":"noticias","link":"https:\/\/portal.fgeo.gob.mx\/index.php\/archivos\/noticias\/boletin-2299-fiscalia-de-oaxaca-captura-a-a-h-g-alias-el-tech-por-homicidio-con-arma-de-fuego-cometido-al-interior-de-una-vivienda-en-el-istmo-de-tehuantepec","title":{"rendered":"BOLET\u00cdN 2,299.- Fiscal\u00eda de Oaxaca captura a\u00a0A.H.G., alias &#8220;El Tech&#8221; por homicidio con arma de fuego cometido al interior de una vivienda en el Istmo de Tehuantepec"},"content":{"rendered":"\n<p><strong>Oaxaca de Ju\u00e1rez, Oax., a 20 de marzo de 2026.-<\/strong> La Fiscal\u00eda General del Estado de Oaxaca (FGEO), ejecut\u00f3 una orden de aprehensi\u00f3n en contra de una persona del sexo masculino identificado como A.H.G., alias &#8220;El Tech&#8221; por el delito de homicidio calificado, cometido en agravio de un hombre en la regi\u00f3n del Istmo de Tehuantepec.<\/p>\n\n\n\n<p>De acuerdo con la causa penal del caso, los hechos se suscitaron el 7 de marzo de 2026, cuando la v\u00edctima, un hombre identificado como B.A., fue privado de la vida al interior de su domicilio, ubicado en la colonia Francisco I. Madero, en la comunidad de San Isidro Platanillo, perteneciente al municipio de Santo Domingo Petapa, en la regi\u00f3n del Istmo de Tehuantepec.<\/p>\n\n\n\n<p>Derivado de las investigaciones ministeriales, la FGEO a trav\u00e9s de la Vicefiscal\u00eda Regional del Istmo, logr\u00f3 establecer la identidad del probable agresor por lo que se realizaron los trabajos ministeriales que permitieron obtener una orden de aprehensi\u00f3n.<\/p>\n\n\n\n<p>Una vez localizado, A.H.G., alias &#8220;El Tech&#8221;, fue detenido por elementos de la Agencia Estatal de Investigaciones (AEI) cuando se encontraba en la colonia Centro del municipio de Mat\u00edas Romero Avenda\u00f1o.<\/p>\n\n\n\n<p>Tras su detenci\u00f3n, A.H.G., alias &#8220;El Tech&#8221; fue puesto a disposici\u00f3n del Agente del Ministerio P\u00fablico adscrito a la Fiscal\u00eda Especializada para la Atenci\u00f3n de Delitos de Alto Impacto en la regi\u00f3n del Istmo, quien determinar\u00e1 su situaci\u00f3n jur\u00eddica conforme a derecho.<\/p>\n\n\n\n<p>La Fiscal\u00eda de Oaxaca reitera su compromiso de realizar investigaciones exhaustivas que permitan llevar ante la justicia a quienes resulten responsables de delitos que atentan contra la vida de las y los ciudadanos.<\/p>\n\n\n\n<figure class=\"wp-block-image size-large\"><img fetchpriority=\"high\" decoding=\"async\" width=\"1024\" height=\"976\" src=\"https:\/\/portal.fgeo.gob.mx\/minio\/pagina\/wp-content\/uploads\/2026\/03\/Diseno-sin-titulo-1774014771-1024x976.jpg\" alt=\"\" class=\"wp-image-22123\" srcset=\"https:\/\/portal.fgeo.gob.mx\/minio\/pagina\/wp-content\/uploads\/2026\/03\/Diseno-sin-titulo-1774014771-1024x976.jpg 1024w, https:\/\/portal.fgeo.gob.mx\/minio\/pagina\/wp-content\/uploads\/2026\/03\/Diseno-sin-titulo-1774014771-300x286.jpg 300w, https:\/\/portal.fgeo.gob.mx\/minio\/pagina\/wp-content\/uploads\/2026\/03\/Diseno-sin-titulo-1774014771-768x732.jpg 768w, https:\/\/portal.fgeo.gob.mx\/minio\/pagina\/wp-content\/uploads\/2026\/03\/Diseno-sin-titulo-1774014771.jpg 1259w\" sizes=\"(max-width: 1024px) 100vw, 1024px\" \/><figcaption class=\"wp-element-caption\">Dise\u00f1o sin t\u00edtulo &#8211; 1<\/figcaption><\/figure>\n","protected":false},"author":2,"featured_media":0,"comment_status":"closed","ping_status":"closed","template":"","tags":[],"categoria_noticias":[],"class_list":["post-22122","noticias","type-noticias","status-publish","hentry"],"acf":[],"mb":[],"mfb_rest_fields":["title","gutenberg_elementor_mode"],"_links":{"self":[{"href":"https:\/\/portal.fgeo.gob.mx\/index.php\/wp-json\/wp\/v2\/noticias\/22122","targetHints":{"allow":["GET"]}}],"collection":[{"href":"https:\/\/portal.fgeo.gob.mx\/index.php\/wp-json\/wp\/v2\/noticias"}],"about":[{"href":"https:\/\/portal.fgeo.gob.mx\/index.php\/wp-json\/wp\/v2\/types\/noticias"}],"author":[{"embeddable":true,"href":"https:\/\/portal.fgeo.gob.mx\/index.php\/wp-json\/wp\/v2\/users\/2"}],"replies":[{"embeddable":true,"href":"https:\/\/portal.fgeo.gob.mx\/index.php\/wp-json\/wp\/v2\/comments?post=22122"}],"wp:attachment":[{"href":"https:\/\/portal.fgeo.gob.mx\/index.php\/wp-json\/wp\/v2\/media?parent=22122"}],"wp:term":[{"taxonomy":"post_tag","embeddable":true,"href":"https:\/\/portal.fgeo.gob.mx\/index.php\/wp-json\/wp\/v2\/tags?post=22122"},{"taxonomy":"categoria_noticias","embeddable":true,"href":"https:\/\/portal.fgeo.gob.mx\/index.php\/wp-json\/wp\/v2\/categoria_noticias?post=22122"}],"curies":[{"name":"wp","href":"https:\/\/api.w.org\/{rel}","templated":true}]}}