{"id":22120,"date":"2026-03-19T17:30:00","date_gmt":"2026-03-19T23:30:00","guid":{"rendered":"https:\/\/portal.fgeo.gob.mx\/?post_type=noticias&#038;p=22120"},"modified":"2026-03-19T17:08:22","modified_gmt":"2026-03-19T23:08:22","slug":"boletin-2298-ejecuta-fgeo-orden-de-aprehension-por-el-delito-equiparado-a-la-violacion-en-la-costa","status":"publish","type":"noticias","link":"https:\/\/portal.fgeo.gob.mx\/index.php\/archivos\/noticias\/boletin-2298-ejecuta-fgeo-orden-de-aprehension-por-el-delito-equiparado-a-la-violacion-en-la-costa","title":{"rendered":"BOLET\u00cdN 2,298.- Ejecuta FGEO orden de aprehensi\u00f3n por el delito equiparado a la violaci\u00f3n en la Costa"},"content":{"rendered":"\n<p><strong>Oaxaca de Ju\u00e1rez a 19 de marzo de 2026<\/strong>.- La Fiscal\u00eda General del Estado de Oaxaca (FGEO) logr\u00f3 la detenci\u00f3n de una persona del sexo masculino identificada como J.G.H.R., como probable responsable del delito equiparado a la violaci\u00f3n, cometido en agravio de un menor de edad, en hechos registrados en la regi\u00f3n de la Costa.<\/p>\n\n\n\n<p>De acuerdo con la carpeta de investigaci\u00f3n, los hechos ocurrieron el 16 de septiembre de 2020, cuando el menor de edad \u2014cuyos datos se encuentran reservados conforme a la ley\u2014 fue v\u00edctima de una agresi\u00f3n sexual.<\/p>\n\n\n\n<p>Tras la presentaci\u00f3n de la denuncia, la FGEO, a trav\u00e9s de la Vicefiscal\u00eda Regional de la Costa, inici\u00f3 las investigaciones correspondientes, las cuales permitieron obtener una orden de aprehensi\u00f3n. Dicha orden fue ejecutada mediante un operativo coordinado con personal de la Agencia Estatal de Investigaciones, logrando as\u00ed la detenci\u00f3n de J.G.H.R.<\/p>\n\n\n\n<p>Luego de la detenci\u00f3n J.G.H.R. fue puesto a disposici\u00f3n de la autoridad ministerial competente, quien determinar\u00e1 su situaci\u00f3n jur\u00eddica conforme a derecho.<\/p>\n\n\n\n<p>La Fiscal\u00eda General del Estado de Oaxaca refrenda su compromiso de llevar a cabo investigaciones integrales con perspectiva de infancia y adolescencia, a fin de garantizar procesos de procuraci\u00f3n de justicia eficaces, sensibles y orientados a la protecci\u00f3n de los derechos de las v\u00edctimas directas e indirectas.<\/p>\n\n\n\n<figure class=\"wp-block-image size-large\"><img fetchpriority=\"high\" decoding=\"async\" width=\"846\" height=\"1024\" src=\"https:\/\/portal.fgeo.gob.mx\/minio\/pagina\/wp-content\/uploads\/2026\/03\/WhatsApp-Image-2026-03-19-at-5.04.15-PM-846x1024.jpeg\" alt=\"\" class=\"wp-image-22121\" srcset=\"https:\/\/portal.fgeo.gob.mx\/minio\/pagina\/wp-content\/uploads\/2026\/03\/WhatsApp-Image-2026-03-19-at-5.04.15-PM-846x1024.jpeg 846w, https:\/\/portal.fgeo.gob.mx\/minio\/pagina\/wp-content\/uploads\/2026\/03\/WhatsApp-Image-2026-03-19-at-5.04.15-PM-248x300.jpeg 248w, https:\/\/portal.fgeo.gob.mx\/minio\/pagina\/wp-content\/uploads\/2026\/03\/WhatsApp-Image-2026-03-19-at-5.04.15-PM-768x929.jpeg 768w, https:\/\/portal.fgeo.gob.mx\/minio\/pagina\/wp-content\/uploads\/2026\/03\/WhatsApp-Image-2026-03-19-at-5.04.15-PM.jpeg 1261w\" sizes=\"(max-width: 846px) 100vw, 846px\" \/><\/figure>\n","protected":false},"author":2,"featured_media":0,"comment_status":"closed","ping_status":"closed","template":"","tags":[],"categoria_noticias":[],"class_list":["post-22120","noticias","type-noticias","status-publish","hentry"],"acf":[],"mb":[],"mfb_rest_fields":["title","gutenberg_elementor_mode"],"_links":{"self":[{"href":"https:\/\/portal.fgeo.gob.mx\/index.php\/wp-json\/wp\/v2\/noticias\/22120","targetHints":{"allow":["GET"]}}],"collection":[{"href":"https:\/\/portal.fgeo.gob.mx\/index.php\/wp-json\/wp\/v2\/noticias"}],"about":[{"href":"https:\/\/portal.fgeo.gob.mx\/index.php\/wp-json\/wp\/v2\/types\/noticias"}],"author":[{"embeddable":true,"href":"https:\/\/portal.fgeo.gob.mx\/index.php\/wp-json\/wp\/v2\/users\/2"}],"replies":[{"embeddable":true,"href":"https:\/\/portal.fgeo.gob.mx\/index.php\/wp-json\/wp\/v2\/comments?post=22120"}],"wp:attachment":[{"href":"https:\/\/portal.fgeo.gob.mx\/index.php\/wp-json\/wp\/v2\/media?parent=22120"}],"wp:term":[{"taxonomy":"post_tag","embeddable":true,"href":"https:\/\/portal.fgeo.gob.mx\/index.php\/wp-json\/wp\/v2\/tags?post=22120"},{"taxonomy":"categoria_noticias","embeddable":true,"href":"https:\/\/portal.fgeo.gob.mx\/index.php\/wp-json\/wp\/v2\/categoria_noticias?post=22120"}],"curies":[{"name":"wp","href":"https:\/\/api.w.org\/{rel}","templated":true}]}}