{"id":22117,"date":"2026-03-19T14:30:19","date_gmt":"2026-03-19T20:30:19","guid":{"rendered":"https:\/\/portal.fgeo.gob.mx\/?post_type=noticias&#038;p=22117"},"modified":"2026-03-19T14:30:19","modified_gmt":"2026-03-19T20:30:19","slug":"boletin-2297-fiscalia-de-oaxaca-aprehende-a-dos-personas-por-violencia-familiar-ocurrida-en-las-regiones-del-istmo-y-la-sierra-de-flores-magon","status":"publish","type":"noticias","link":"https:\/\/portal.fgeo.gob.mx\/index.php\/archivos\/noticias\/boletin-2297-fiscalia-de-oaxaca-aprehende-a-dos-personas-por-violencia-familiar-ocurrida-en-las-regiones-del-istmo-y-la-sierra-de-flores-magon","title":{"rendered":"BOLET\u00cdN 2,297.- Fiscal\u00eda de Oaxaca aprehende a dos personas por violencia familiar ocurrida en las regiones del Istmo y la Sierra de Flores Mag\u00f3n"},"content":{"rendered":"\n<p><strong>&#8211; En uno de los casos, el detenido fue denunciado por agresiones f\u00edsicas contra su padre, a quien golpeaba con el mago de un talacho<\/strong><\/p>\n\n\n\n<p><strong>Oaxaca de Ju\u00e1rez, Oax., 19 de marzo de 2026.-<\/strong> La Fiscal\u00eda General del Estado de Oaxaca (FGEO), dio cumplimiento a dos \u00f3rdenes de aprehensi\u00f3n por el delito de violencia familiar, en hechos ocurridos en la regi\u00f3n del Istmo y Sierra de Flores Mag\u00f3n.<\/p>\n\n\n\n<p>En el caso del Istmo de Tehuantepec, elementos de la Agencia Estatal de Investigaciones (AEI) dieron cumplimiento a una orden judicial contra un hombre identificado como V.H.C.S., derivado de hechos ocurridos el 26 de enero de 2026 en la colonia El Para\u00edso de San Blas Atempa.<\/p>\n\n\n\n<p>De acuerdo con el informe ministerial, el detenido habr\u00eda atacado f\u00edsicamente a su progenitor-un adulto de 65 a\u00f1os de edad- con el mango de un talacho (herramienta de labranza), caus\u00e1ndole diversas lesiones en su cuerpo, por lo que la v\u00edctima fue trasladada a un hospital para su atenci\u00f3n m\u00e9dica.&nbsp;<\/p>\n\n\n\n<p>Una vez que la FGEO tom\u00f3 conocimiento del caso, inici\u00f3 las investigaciones ministeriales y, derivado de los datos de prueba, obtuvo una orden de aprehensi\u00f3n por el delito de violencia familiar, logrando su captura en Santo Domingo Tehuantepec.<\/p>\n\n\n\n<p>La persona detenida fue puesta a disposici\u00f3n del Ministerio P\u00fablico de la Vicefiscal\u00eda Regional del Istmo para los tr\u00e1mites legales correspondientes.<\/p>\n\n\n\n<p><strong>*Caso regi\u00f3n Sierra de Flores Mag\u00f3n*<\/strong><\/p>\n\n\n\n<p>En un segundo hecho, Agentes Estatales de Investigaci\u00f3n adscritos a la Vicefiscal\u00eda General de Control Regional, cumplimentaron una orden de aprehensi\u00f3n en contra de un hombre identificado como A.H.R., por el delito de violencia familiar.<\/p>\n\n\n\n<p>La detenci\u00f3n se realiz\u00f3 en la calle Morelos, barrio Morelos, en la Agencia Municipal de San Pedro Chicozapotes, municipio de Cuicatl\u00e1n, en la regi\u00f3n Sierra de Flores Mag\u00f3n.<\/p>\n\n\n\n<p>El detenido qued\u00f3 a disposici\u00f3n de la Vicefiscal\u00eda General de Control Regional, donde se determinar\u00e1 su situaci\u00f3n jur\u00eddica conforme a derecho.<\/p>\n\n\n\n<p>La Fiscal\u00eda General del Estado de Oaxaca reitera su compromiso de combatir la violencia familiar y garantizar el acceso a la justicia de las v\u00edctimas.<\/p>\n\n\n\n<figure class=\"wp-block-gallery has-nested-images columns-default is-cropped wp-block-gallery-1 is-layout-flex wp-block-gallery-is-layout-flex\">\n<figure class=\"wp-block-image size-large\"><img fetchpriority=\"high\" decoding=\"async\" width=\"768\" height=\"1024\" data-id=\"22118\" src=\"https:\/\/portal.fgeo.gob.mx\/minio\/pagina\/wp-content\/uploads\/2026\/03\/Diseno-sin-titulo-1-9-768x1024.jpg\" alt=\"\" class=\"wp-image-22118\" srcset=\"https:\/\/portal.fgeo.gob.mx\/minio\/pagina\/wp-content\/uploads\/2026\/03\/Diseno-sin-titulo-1-9-768x1024.jpg 768w, https:\/\/portal.fgeo.gob.mx\/minio\/pagina\/wp-content\/uploads\/2026\/03\/Diseno-sin-titulo-1-9-225x300.jpg 225w, https:\/\/portal.fgeo.gob.mx\/minio\/pagina\/wp-content\/uploads\/2026\/03\/Diseno-sin-titulo-1-9.jpg 960w\" sizes=\"(max-width: 768px) 100vw, 768px\" \/><\/figure>\n\n\n\n<figure class=\"wp-block-image size-large\"><img decoding=\"async\" width=\"697\" height=\"1024\" data-id=\"22119\" src=\"https:\/\/portal.fgeo.gob.mx\/minio\/pagina\/wp-content\/uploads\/2026\/03\/Diseno-sin-titulo-1773952216-697x1024.jpg\" alt=\"\" class=\"wp-image-22119\" srcset=\"https:\/\/portal.fgeo.gob.mx\/minio\/pagina\/wp-content\/uploads\/2026\/03\/Diseno-sin-titulo-1773952216-697x1024.jpg 697w, https:\/\/portal.fgeo.gob.mx\/minio\/pagina\/wp-content\/uploads\/2026\/03\/Diseno-sin-titulo-1773952216-204x300.jpg 204w, https:\/\/portal.fgeo.gob.mx\/minio\/pagina\/wp-content\/uploads\/2026\/03\/Diseno-sin-titulo-1773952216-768x1128.jpg 768w, https:\/\/portal.fgeo.gob.mx\/minio\/pagina\/wp-content\/uploads\/2026\/03\/Diseno-sin-titulo-1773952216-1045x1536.jpg 1045w, https:\/\/portal.fgeo.gob.mx\/minio\/pagina\/wp-content\/uploads\/2026\/03\/Diseno-sin-titulo-1773952216.jpg 1089w\" sizes=\"(max-width: 697px) 100vw, 697px\" \/><\/figure>\n<\/figure>\n","protected":false},"author":2,"featured_media":0,"comment_status":"closed","ping_status":"closed","template":"","tags":[],"categoria_noticias":[],"class_list":["post-22117","noticias","type-noticias","status-publish","hentry"],"acf":[],"mb":[],"mfb_rest_fields":["title","gutenberg_elementor_mode"],"_links":{"self":[{"href":"https:\/\/portal.fgeo.gob.mx\/index.php\/wp-json\/wp\/v2\/noticias\/22117","targetHints":{"allow":["GET"]}}],"collection":[{"href":"https:\/\/portal.fgeo.gob.mx\/index.php\/wp-json\/wp\/v2\/noticias"}],"about":[{"href":"https:\/\/portal.fgeo.gob.mx\/index.php\/wp-json\/wp\/v2\/types\/noticias"}],"author":[{"embeddable":true,"href":"https:\/\/portal.fgeo.gob.mx\/index.php\/wp-json\/wp\/v2\/users\/2"}],"replies":[{"embeddable":true,"href":"https:\/\/portal.fgeo.gob.mx\/index.php\/wp-json\/wp\/v2\/comments?post=22117"}],"wp:attachment":[{"href":"https:\/\/portal.fgeo.gob.mx\/index.php\/wp-json\/wp\/v2\/media?parent=22117"}],"wp:term":[{"taxonomy":"post_tag","embeddable":true,"href":"https:\/\/portal.fgeo.gob.mx\/index.php\/wp-json\/wp\/v2\/tags?post=22117"},{"taxonomy":"categoria_noticias","embeddable":true,"href":"https:\/\/portal.fgeo.gob.mx\/index.php\/wp-json\/wp\/v2\/categoria_noticias?post=22117"}],"curies":[{"name":"wp","href":"https:\/\/api.w.org\/{rel}","templated":true}]}}