{"id":22113,"date":"2026-03-18T17:30:00","date_gmt":"2026-03-18T23:30:00","guid":{"rendered":"https:\/\/portal.fgeo.gob.mx\/?post_type=noticias&#038;p=22113"},"modified":"2026-03-18T17:19:58","modified_gmt":"2026-03-18T23:19:58","slug":"boletin-2295-fiscalia-de-oaxaca-detiene-a-una-persona-por-el-delito-de-violacion-en-agravio-de-una-estudiante-de-enfermeria-mientras-realizaba-sus-practicas-profesionales","status":"publish","type":"noticias","link":"https:\/\/portal.fgeo.gob.mx\/index.php\/archivos\/noticias\/boletin-2295-fiscalia-de-oaxaca-detiene-a-una-persona-por-el-delito-de-violacion-en-agravio-de-una-estudiante-de-enfermeria-mientras-realizaba-sus-practicas-profesionales","title":{"rendered":"BOLET\u00cdN 2,295.- Fiscal\u00eda de Oaxaca detiene a una persona por el delito de violaci\u00f3n en agravio de una estudiante de enfermer\u00eda mientras realizaba sus pr\u00e1cticas profesionales"},"content":{"rendered":"\n<p><strong>Oaxaca de Ju\u00e1rez a&nbsp; 18 de marzo de 2026.-<\/strong>&nbsp; La Fiscal\u00eda General del Estado de Oaxaca (FGEO) dio cumplimiento a una orden de aprehensi\u00f3n en contra de un hombre identificado como E.D.V., por el delito de violaci\u00f3n, cometido en la regi\u00f3n de la Cuenca del Papaloapan.<\/p>\n\n\n\n<p>De acuerdo con el expediente penal, los hechos ocurrieron cuando la v\u00edctima -cuya identidad permanece reservada por ley y quien al momento de los hechos era estudiante de enfermer\u00eda- realizaba sus pr\u00e1cticas profesionales en un laboratorio cl\u00ednico, ubicado entre las calles Aldama y Carranza.<\/p>\n\n\n\n<p>Las investigaciones establecen que, en ese lugar, el agresor aprovech\u00f3 el parentesco pol\u00edtico y la relaci\u00f3n de confianza que ten\u00eda con la v\u00edctima para cometer la agresi\u00f3n.<\/p>\n\n\n\n<p>Tras recibir la denuncia, la FGEO inici\u00f3 las investigaciones correspondientes, a trav\u00e9s de las \u00e1reas especializadas en delitos de g\u00e9nero de la Vicefiscal\u00eda Regional de la Cuenca, logrando reunir los datos de prueba necesarios para solicitar y obtener la orden de aprehensi\u00f3n en contra de E.D.V.<\/p>\n\n\n\n<p>El mandato judicial fue ejecutado por elementos de la Agencia Estatal de Investigaciones (AEI), cuando el imputado caminaba sobre la colonia Ortega, en el municipio de San Juan Bautista Tuxtepec.<\/p>\n\n\n\n<p>Una vez detenido, el imputado fue puesto a disposici\u00f3n de la autoridad judicial que lo requiri\u00f3, a fin de determinar su situaci\u00f3n jur\u00eddica.<\/p>\n\n\n\n<p>La Fiscal\u00eda General del Estado de Oaxaca reafirma su compromiso de investigar y perseguir con rigor los delitos cometidos contra mujeres, ni\u00f1as y adolescentes, garantizando su acceso a la justicia y su derecho a una vida libre de violencia.<\/p>\n\n\n\n<figure class=\"wp-block-image size-large\"><img fetchpriority=\"high\" decoding=\"async\" width=\"1024\" height=\"768\" src=\"https:\/\/portal.fgeo.gob.mx\/minio\/pagina\/wp-content\/uploads\/2026\/03\/Diseno-sin-titulo-1773875988-1024x768.jpg\" alt=\"\" class=\"wp-image-22114\" srcset=\"https:\/\/portal.fgeo.gob.mx\/minio\/pagina\/wp-content\/uploads\/2026\/03\/Diseno-sin-titulo-1773875988-1024x768.jpg 1024w, https:\/\/portal.fgeo.gob.mx\/minio\/pagina\/wp-content\/uploads\/2026\/03\/Diseno-sin-titulo-1773875988-300x225.jpg 300w, https:\/\/portal.fgeo.gob.mx\/minio\/pagina\/wp-content\/uploads\/2026\/03\/Diseno-sin-titulo-1773875988-768x576.jpg 768w, https:\/\/portal.fgeo.gob.mx\/minio\/pagina\/wp-content\/uploads\/2026\/03\/Diseno-sin-titulo-1773875988-1536x1152.jpg 1536w, https:\/\/portal.fgeo.gob.mx\/minio\/pagina\/wp-content\/uploads\/2026\/03\/Diseno-sin-titulo-1773875988.jpg 1600w\" sizes=\"(max-width: 1024px) 100vw, 1024px\" \/><\/figure>\n","protected":false},"author":2,"featured_media":0,"comment_status":"closed","ping_status":"closed","template":"","tags":[],"categoria_noticias":[],"class_list":["post-22113","noticias","type-noticias","status-publish","hentry"],"acf":[],"mb":[],"mfb_rest_fields":["title","gutenberg_elementor_mode"],"_links":{"self":[{"href":"https:\/\/portal.fgeo.gob.mx\/index.php\/wp-json\/wp\/v2\/noticias\/22113","targetHints":{"allow":["GET"]}}],"collection":[{"href":"https:\/\/portal.fgeo.gob.mx\/index.php\/wp-json\/wp\/v2\/noticias"}],"about":[{"href":"https:\/\/portal.fgeo.gob.mx\/index.php\/wp-json\/wp\/v2\/types\/noticias"}],"author":[{"embeddable":true,"href":"https:\/\/portal.fgeo.gob.mx\/index.php\/wp-json\/wp\/v2\/users\/2"}],"replies":[{"embeddable":true,"href":"https:\/\/portal.fgeo.gob.mx\/index.php\/wp-json\/wp\/v2\/comments?post=22113"}],"wp:attachment":[{"href":"https:\/\/portal.fgeo.gob.mx\/index.php\/wp-json\/wp\/v2\/media?parent=22113"}],"wp:term":[{"taxonomy":"post_tag","embeddable":true,"href":"https:\/\/portal.fgeo.gob.mx\/index.php\/wp-json\/wp\/v2\/tags?post=22113"},{"taxonomy":"categoria_noticias","embeddable":true,"href":"https:\/\/portal.fgeo.gob.mx\/index.php\/wp-json\/wp\/v2\/categoria_noticias?post=22113"}],"curies":[{"name":"wp","href":"https:\/\/api.w.org\/{rel}","templated":true}]}}