{"id":22101,"date":"2026-03-18T08:06:32","date_gmt":"2026-03-18T14:06:32","guid":{"rendered":"https:\/\/portal.fgeo.gob.mx\/?post_type=noticias&#038;p=22101"},"modified":"2026-03-18T08:06:32","modified_gmt":"2026-03-18T14:06:32","slug":"boletin-2292-fiscalia-de-oaxaca-ejecuta-orden-de-aprehension-por-homicidio-cometido-con-disparos-de-arma-de-fuego-en-san-pedro-totolapam","status":"publish","type":"noticias","link":"https:\/\/portal.fgeo.gob.mx\/index.php\/archivos\/noticias\/boletin-2292-fiscalia-de-oaxaca-ejecuta-orden-de-aprehension-por-homicidio-cometido-con-disparos-de-arma-de-fuego-en-san-pedro-totolapam","title":{"rendered":"BOLET\u00cdN 2,292.- Fiscal\u00eda de Oaxaca ejecuta orden de aprehensi\u00f3n por homicidio cometido con disparos de arma de fuego en San Pedro Totol\u00e1pam"},"content":{"rendered":"\n<p><strong>Oaxaca de Ju\u00e1rez, Oax., a 18 de marzo de 2026.-<\/strong> Las investigaciones a cargo de la Fiscal\u00eda General del Estado de Oaxaca (FGEO) hicieron posible la ejecuci\u00f3n de una orden de aprehensi\u00f3n en contra de una persona del sexo masculino identificada como F.M.R., por el delito de homicidio calificado con ventaja, cometido en la regi\u00f3n de los Valles Centrales.<\/p>\n\n\n\n<p>De acuerdo con el expediente penal, los hechos ocurrieron el 15 de mayo de 2011, al interior de un domicilio ubicado en la calle Libertad, en el municipio de San Pedro Totol\u00e1pam, distrito de Tlacolula.<\/p>\n\n\n\n<p>Las indagatorias establecen que, en el lugar, se encontraban un grupo de personas, entre ellas la v\u00edctima, quienes se encontraban ingiriendo bebidas alcoh\u00f3licas. Mas tarde, arribaron otras personas que se integraron a la convivencia; sin embargo, tras una discusi\u00f3n, la v\u00edctima fue atacada con disparos de arma de fuego, provoc\u00e1ndole lesiones que le ocasionaron la muerte.<\/p>\n\n\n\n<p>Tras tomar conocimiento del caso, la FGEO, a trav\u00e9s de elementos de la Agencia Estatal de Investigaciones (AEI) adscritos a la Vicefiscal\u00eda de Control Regional, llev\u00f3 a cabo una investigaci\u00f3n exhaustiva que permiti\u00f3 obtener una orden de aprehensi\u00f3n en contra de F.M.R.<\/p>\n\n\n\n<p>Una vez localizado, el imputado fue detenido y puesto a disposici\u00f3n de la autoridad ministerial correspondiente, a fin de determinar su situaci\u00f3n jur\u00eddica.<\/p>\n\n\n\n<p>La Fiscal\u00eda General del Estado de Oaxaca refrenda su compromiso de realizar investigaciones s\u00f3lidas y exhaustivas para el esclarecimiento de delitos, aplicando el rigor de la ley a quien o quienes resulten responsables.<\/p>\n\n\n\n<figure class=\"wp-block-image size-large\"><img fetchpriority=\"high\" decoding=\"async\" width=\"768\" height=\"1024\" src=\"https:\/\/portal.fgeo.gob.mx\/minio\/pagina\/wp-content\/uploads\/2026\/03\/WhatsApp-Image-2026-02-05-at-2.38.31-PM-768x1024.jpeg\" alt=\"\" class=\"wp-image-22102\" srcset=\"https:\/\/portal.fgeo.gob.mx\/minio\/pagina\/wp-content\/uploads\/2026\/03\/WhatsApp-Image-2026-02-05-at-2.38.31-PM-768x1024.jpeg 768w, https:\/\/portal.fgeo.gob.mx\/minio\/pagina\/wp-content\/uploads\/2026\/03\/WhatsApp-Image-2026-02-05-at-2.38.31-PM-225x300.jpeg 225w, https:\/\/portal.fgeo.gob.mx\/minio\/pagina\/wp-content\/uploads\/2026\/03\/WhatsApp-Image-2026-02-05-at-2.38.31-PM-1152x1536.jpeg 1152w, https:\/\/portal.fgeo.gob.mx\/minio\/pagina\/wp-content\/uploads\/2026\/03\/WhatsApp-Image-2026-02-05-at-2.38.31-PM.jpeg 1200w\" sizes=\"(max-width: 768px) 100vw, 768px\" \/><\/figure>\n","protected":false},"author":2,"featured_media":0,"comment_status":"closed","ping_status":"closed","template":"","tags":[],"categoria_noticias":[],"class_list":["post-22101","noticias","type-noticias","status-publish","hentry"],"acf":[],"mb":[],"mfb_rest_fields":["title","gutenberg_elementor_mode"],"_links":{"self":[{"href":"https:\/\/portal.fgeo.gob.mx\/index.php\/wp-json\/wp\/v2\/noticias\/22101","targetHints":{"allow":["GET"]}}],"collection":[{"href":"https:\/\/portal.fgeo.gob.mx\/index.php\/wp-json\/wp\/v2\/noticias"}],"about":[{"href":"https:\/\/portal.fgeo.gob.mx\/index.php\/wp-json\/wp\/v2\/types\/noticias"}],"author":[{"embeddable":true,"href":"https:\/\/portal.fgeo.gob.mx\/index.php\/wp-json\/wp\/v2\/users\/2"}],"replies":[{"embeddable":true,"href":"https:\/\/portal.fgeo.gob.mx\/index.php\/wp-json\/wp\/v2\/comments?post=22101"}],"wp:attachment":[{"href":"https:\/\/portal.fgeo.gob.mx\/index.php\/wp-json\/wp\/v2\/media?parent=22101"}],"wp:term":[{"taxonomy":"post_tag","embeddable":true,"href":"https:\/\/portal.fgeo.gob.mx\/index.php\/wp-json\/wp\/v2\/tags?post=22101"},{"taxonomy":"categoria_noticias","embeddable":true,"href":"https:\/\/portal.fgeo.gob.mx\/index.php\/wp-json\/wp\/v2\/categoria_noticias?post=22101"}],"curies":[{"name":"wp","href":"https:\/\/api.w.org\/{rel}","templated":true}]}}