{"id":22091,"date":"2026-03-17T11:30:00","date_gmt":"2026-03-17T17:30:00","guid":{"rendered":"https:\/\/portal.fgeo.gob.mx\/?post_type=noticias&#038;p=22091"},"modified":"2026-03-17T11:06:11","modified_gmt":"2026-03-17T17:06:11","slug":"boletin-2289-obtiene-fgeo-prision-y-vinculacion-a-proceso-contra-imputado-por-intento-de-homicidio-agredio-con-una-daga-a-su-victima-en-pluma-hidalgo","status":"publish","type":"noticias","link":"https:\/\/portal.fgeo.gob.mx\/index.php\/archivos\/noticias\/boletin-2289-obtiene-fgeo-prision-y-vinculacion-a-proceso-contra-imputado-por-intento-de-homicidio-agredio-con-una-daga-a-su-victima-en-pluma-hidalgo","title":{"rendered":"BOLET\u00cdN 2,289.- Obtiene FGEO prisi\u00f3n y vinculaci\u00f3n a proceso contra imputado por intento de homicidio; agredi\u00f3 con una daga a su v\u00edctima en Pluma Hidalgo"},"content":{"rendered":"\n<p><strong>Oaxaca de Ju\u00e1rez, Oax., 17 de marzo de 2026.-<\/strong> La Fiscal\u00eda General del Estado de Oaxaca (FGEO) obtuvo auto de vinculaci\u00f3n a proceso y prisi\u00f3n preventiva en contra de una persona del sexo masculino, identificada como L.F.L., por el delito de Homicidio Calificado en grado de Tentativa, hechos ocurridos en la regi\u00f3n de la Costa.<\/p>\n\n\n\n<p>De acuerdo con lo asentado en el expediente penal, la agresi\u00f3n ocurri\u00f3 el 10 de mayo de 2024 en calles del municipio de Pluma Hidalgo, perteneciente al distrito de San Pedro Pochutla.<\/p>\n\n\n\n<p>Las investigaciones ministeriales de este caso, revelaron que el imputado abord\u00f3 a la v\u00edctima identificada como F.A.R.R., para despu\u00e9s agredir f\u00edsicamente y amenazarla de muerte.<\/p>\n\n\n\n<p>Durante el forcejeo, L.F.L., habr\u00eda utilizado un arma punzocortante (daga) para lesionar a la v\u00edctima en el abdomen, provocando da\u00f1os severos en el h\u00edgado.<\/p>\n\n\n\n<p>El expediente penal a\u00f1ade que, la agresi\u00f3n fue interrumpida gracias a la intervenci\u00f3n de ciudadanos que sujetaron al agresor, permitiendo que la v\u00edctima lograra ponerse a salvo para recibir auxilio.<\/p>\n\n\n\n<p>Ante estos hechos, la FGEO tom\u00f3 conocimiento del caso y, a trav\u00e9s de la Vicefiscal\u00eda Regional de la Costa, inici\u00f3 las investigaciones correspondientes las cuales permitieron obtener una orden de aprehensi\u00f3n y posteriormente la detenci\u00f3n de L.F.L., quien fue puesto a disposici\u00f3n de la autoridad correspondiente para su debido proceso legal.<\/p>\n\n\n\n<p>Gracias a los datos de prueba aportados por la FGEO, el Juez de la causa determin\u00f3 vincular a proceso a L.F.L., por el delito de homicidio calificado en grado de tentativa, adem\u00e1s de imponer la medida cautelar de prisi\u00f3n preventiva justificada, otorgando un plazo de tres meses para el cierre de la investigaci\u00f3n complementaria.<\/p>\n\n\n\n<p>La Fiscal\u00eda General del Estado de Oaxaca est\u00e1 comprometida con establecer l\u00edneas de investigaci\u00f3n s\u00f3lidas que permitan dar con quien o quienes resulten responsables de los delitos, y con ello, garantizar procesos de procuraci\u00f3n de justicia adecuados para las v\u00edctimas directas e indirectas.<\/p>\n\n\n\n<figure class=\"wp-block-image size-full\"><img fetchpriority=\"high\" decoding=\"async\" width=\"859\" height=\"401\" src=\"https:\/\/portal.fgeo.gob.mx\/minio\/pagina\/wp-content\/uploads\/2026\/03\/WhatsApp-Image-2026-01-08-at-11.10.41-AM.jpeg\" alt=\"\" class=\"wp-image-22092\" srcset=\"https:\/\/portal.fgeo.gob.mx\/minio\/pagina\/wp-content\/uploads\/2026\/03\/WhatsApp-Image-2026-01-08-at-11.10.41-AM.jpeg 859w, https:\/\/portal.fgeo.gob.mx\/minio\/pagina\/wp-content\/uploads\/2026\/03\/WhatsApp-Image-2026-01-08-at-11.10.41-AM-300x140.jpeg 300w, https:\/\/portal.fgeo.gob.mx\/minio\/pagina\/wp-content\/uploads\/2026\/03\/WhatsApp-Image-2026-01-08-at-11.10.41-AM-768x359.jpeg 768w\" sizes=\"(max-width: 859px) 100vw, 859px\" \/><\/figure>\n","protected":false},"author":2,"featured_media":0,"comment_status":"closed","ping_status":"closed","template":"","tags":[],"categoria_noticias":[],"class_list":["post-22091","noticias","type-noticias","status-publish","hentry"],"acf":[],"mb":[],"mfb_rest_fields":["title","gutenberg_elementor_mode"],"_links":{"self":[{"href":"https:\/\/portal.fgeo.gob.mx\/index.php\/wp-json\/wp\/v2\/noticias\/22091","targetHints":{"allow":["GET"]}}],"collection":[{"href":"https:\/\/portal.fgeo.gob.mx\/index.php\/wp-json\/wp\/v2\/noticias"}],"about":[{"href":"https:\/\/portal.fgeo.gob.mx\/index.php\/wp-json\/wp\/v2\/types\/noticias"}],"author":[{"embeddable":true,"href":"https:\/\/portal.fgeo.gob.mx\/index.php\/wp-json\/wp\/v2\/users\/2"}],"replies":[{"embeddable":true,"href":"https:\/\/portal.fgeo.gob.mx\/index.php\/wp-json\/wp\/v2\/comments?post=22091"}],"wp:attachment":[{"href":"https:\/\/portal.fgeo.gob.mx\/index.php\/wp-json\/wp\/v2\/media?parent=22091"}],"wp:term":[{"taxonomy":"post_tag","embeddable":true,"href":"https:\/\/portal.fgeo.gob.mx\/index.php\/wp-json\/wp\/v2\/tags?post=22091"},{"taxonomy":"categoria_noticias","embeddable":true,"href":"https:\/\/portal.fgeo.gob.mx\/index.php\/wp-json\/wp\/v2\/categoria_noticias?post=22091"}],"curies":[{"name":"wp","href":"https:\/\/api.w.org\/{rel}","templated":true}]}}