{"id":22088,"date":"2026-03-17T08:00:58","date_gmt":"2026-03-17T14:00:58","guid":{"rendered":"https:\/\/portal.fgeo.gob.mx\/?post_type=noticias&#038;p=22088"},"modified":"2026-03-17T08:00:58","modified_gmt":"2026-03-17T14:00:58","slug":"boletin-2288-obtiene-fiscalia-de-oaxaca-vinculacion-a-proceso-contra-detenidos-por-narcomenudeo-de-cristal-en-calles-de-la-central-de-abasto","status":"publish","type":"noticias","link":"https:\/\/portal.fgeo.gob.mx\/index.php\/archivos\/noticias\/boletin-2288-obtiene-fiscalia-de-oaxaca-vinculacion-a-proceso-contra-detenidos-por-narcomenudeo-de-cristal-en-calles-de-la-central-de-abasto","title":{"rendered":"BOLET\u00cdN 2,288.- Obtiene Fiscal\u00eda de Oaxaca vinculaci\u00f3n a proceso contra detenidos por narcomenudeo de cristal en calles de la Central de Abasto"},"content":{"rendered":"\n<p><strong>Oaxaca de Ju\u00e1rez, Oax., 17 de marzo de 2026.- Derivado<\/strong> de trabajos de inteligencia criminal, la Fiscal\u00eda General del Estado de Oaxaca (FGEO) obtuvo auto de vinculaci\u00f3n a proceso en contra de dos personas del sexo masculino identificadas como E.D.L.M. y J.L.P.M., por su probable responsabilidad en el delito contra la salud en la modalidad de narcomenudeo, en su hip\u00f3tesis de suministro de metanfetamina.<\/p>\n\n\n\n<p>De acuerdo con la carpeta de investigaci\u00f3n, los hechos ocurrieron el 1 de marzo de 2026, cuando elementos de la Agencia Estatal de Investigaci\u00f3n (AEI) y de la Unidad Policial de Combate al Secuestro, as\u00ed como de la Secretar\u00eda de Marina realizaban labores de investigaci\u00f3n y vigilancia en calles de la Central de Abasto de la capital, en inmediaciones de las riberas del R\u00edo Atoyac.<\/p>\n\n\n\n<p>Durante estas acciones operativas, los agentes detectaron a dos hombres que presuntamente realizaban el intercambio de sustancias il\u00edcitas, por lo que procedieron a su detenci\u00f3n en el lugar.<\/p>\n\n\n\n<p>Tras su aseguramiento, ambas personas fueron puestas a disposici\u00f3n del Ministerio P\u00fablico de la Vicefiscal\u00eda Regional de Valles Centrales y present\u00f3 a los imputados ante el \u00f3rgano jurisdiccional, el cual calific\u00f3 de legal la detenci\u00f3n.<\/p>\n\n\n\n<p>Posteriormente, durante la audiencia inicial y tras valorar los datos de prueba presentados por la FGEO a trav\u00e9s de la Vicefiscal\u00eda Regional de Valles Centrales, el Juez de la causa determin\u00f3 vincular a proceso a E.D.L.M. y J.L.P.M., adem\u00e1s de imponer la medida cautelar de prisi\u00f3n preventiva y fijar un plazo de tres meses para el cierre de la investigaci\u00f3n complementaria.<\/p>\n\n\n\n<p>Con estas acciones, la Fiscal\u00eda General del Estado de Oaxaca reafirma su compromiso de combatir los delitos relacionados con el narcomenudeo mediante el uso de inteligencia criminal y estrategias operativas que contribuyan a fortalecer la seguridad en la entidad.<\/p>\n\n\n\n<figure class=\"wp-block-image size-full\"><img fetchpriority=\"high\" decoding=\"async\" width=\"632\" height=\"551\" src=\"https:\/\/portal.fgeo.gob.mx\/minio\/pagina\/wp-content\/uploads\/2026\/03\/Diseno-sin-titulo-2-3.jpg\" alt=\"\" class=\"wp-image-22089\" srcset=\"https:\/\/portal.fgeo.gob.mx\/minio\/pagina\/wp-content\/uploads\/2026\/03\/Diseno-sin-titulo-2-3.jpg 632w, https:\/\/portal.fgeo.gob.mx\/minio\/pagina\/wp-content\/uploads\/2026\/03\/Diseno-sin-titulo-2-3-300x262.jpg 300w\" sizes=\"(max-width: 632px) 100vw, 632px\" \/><figcaption class=\"wp-element-caption\">Dise\u00f1o sin t\u00edtulo &#8211; 1<\/figcaption><\/figure>\n","protected":false},"author":2,"featured_media":0,"comment_status":"closed","ping_status":"closed","template":"","tags":[],"categoria_noticias":[],"class_list":["post-22088","noticias","type-noticias","status-publish","hentry"],"acf":[],"mb":[],"mfb_rest_fields":["title","gutenberg_elementor_mode"],"_links":{"self":[{"href":"https:\/\/portal.fgeo.gob.mx\/index.php\/wp-json\/wp\/v2\/noticias\/22088","targetHints":{"allow":["GET"]}}],"collection":[{"href":"https:\/\/portal.fgeo.gob.mx\/index.php\/wp-json\/wp\/v2\/noticias"}],"about":[{"href":"https:\/\/portal.fgeo.gob.mx\/index.php\/wp-json\/wp\/v2\/types\/noticias"}],"author":[{"embeddable":true,"href":"https:\/\/portal.fgeo.gob.mx\/index.php\/wp-json\/wp\/v2\/users\/2"}],"replies":[{"embeddable":true,"href":"https:\/\/portal.fgeo.gob.mx\/index.php\/wp-json\/wp\/v2\/comments?post=22088"}],"wp:attachment":[{"href":"https:\/\/portal.fgeo.gob.mx\/index.php\/wp-json\/wp\/v2\/media?parent=22088"}],"wp:term":[{"taxonomy":"post_tag","embeddable":true,"href":"https:\/\/portal.fgeo.gob.mx\/index.php\/wp-json\/wp\/v2\/tags?post=22088"},{"taxonomy":"categoria_noticias","embeddable":true,"href":"https:\/\/portal.fgeo.gob.mx\/index.php\/wp-json\/wp\/v2\/categoria_noticias?post=22088"}],"curies":[{"name":"wp","href":"https:\/\/api.w.org\/{rel}","templated":true}]}}