{"id":22084,"date":"2026-03-16T14:27:44","date_gmt":"2026-03-16T20:27:44","guid":{"rendered":"https:\/\/portal.fgeo.gob.mx\/?post_type=noticias&#038;p=22084"},"modified":"2026-03-16T14:27:44","modified_gmt":"2026-03-16T20:27:44","slug":"boletin-2286-detiene-fgeo-a-un-hombre-por-tentativa-de-homicidio-en-la-costa","status":"publish","type":"noticias","link":"https:\/\/portal.fgeo.gob.mx\/index.php\/archivos\/noticias\/boletin-2286-detiene-fgeo-a-un-hombre-por-tentativa-de-homicidio-en-la-costa","title":{"rendered":"BOLET\u00cdN 2286.- Detiene FGEO a un hombre por tentativa de homicidio en la Costa"},"content":{"rendered":"\n<p><strong>Oaxaca de Ju\u00e1rez, Oax., 16 de marzo de 2026.- <\/strong>La Fiscal\u00eda General del Estado de Oaxaca (FGEO) ejecut\u00f3 una orden de aprehensi\u00f3n en contra de una persona del sexo masculino identificado como A.H.G. por tentativa de homicidio, por hechos ocurridos en Santa Catarina Mechocan en la Costa.<\/p>\n\n\n\n<p>De acuerdo con el expediente penal del caso, los hechos ocurrieron el 28 de octubre de 2025, cuando la v\u00edctima se encontraba en el interior de su domicilio ubicado en la comunidad de Santa Catarina Mechoac\u00e1n, lugar al que ingres\u00f3 un hombre portando un arma corto contundente (cuchillo), agrede a la v\u00edctima y le causa lesiones en el cuello, as\u00ed como en la mano izquierda, por lo que la v\u00edctima huye para ponerse a salvo, es auxiliado y llevado a una instituci\u00f3n m\u00e9dica donde es atendido.<\/p>\n\n\n\n<p>Tras los trabajos ministeriales realizados por la la Vicefiscal\u00eda Regional de la Costa, se logr\u00f3 obtener una orden de aprehensi\u00f3n y posteriormente, la detenci\u00f3n de A.H.G., mediante un operativo de b\u00fasqueda efectuado por elementos de la Agencia Estatal de Investigaciones (AEI).<\/p>\n\n\n\n<p>Despu\u00e9s de ser detenido A.H.G.&nbsp; fue puesto a disposici\u00f3n de la autoridad ministerial correspondiente para que se determin\u00e9 su situaci\u00f3n jur\u00eddica.<\/p>\n\n\n\n<p>La Fiscal\u00eda General del Estado de Oaxaca est\u00e1 comprometida con realizar investigaciones s\u00f3lidas y estrat\u00e9gicas que permitan neutralizar a generadores de violencia en las distintas regiones de la entidad, fortaleciendo as\u00ed la seguridad y el acceso efectivo a la procuraci\u00f3n de justicia.<\/p>\n\n\n\n<figure class=\"wp-block-gallery has-nested-images columns-default is-cropped wp-block-gallery-1 is-layout-flex wp-block-gallery-is-layout-flex\">\n<figure class=\"wp-block-image size-full\"><img fetchpriority=\"high\" decoding=\"async\" width=\"591\" height=\"481\" data-id=\"22085\" src=\"https:\/\/portal.fgeo.gob.mx\/minio\/pagina\/wp-content\/uploads\/2026\/03\/WhatsApp-Image-2026-03-16-at-2.16.31-PM.jpeg\" alt=\"\" class=\"wp-image-22085\" srcset=\"https:\/\/portal.fgeo.gob.mx\/minio\/pagina\/wp-content\/uploads\/2026\/03\/WhatsApp-Image-2026-03-16-at-2.16.31-PM.jpeg 591w, https:\/\/portal.fgeo.gob.mx\/minio\/pagina\/wp-content\/uploads\/2026\/03\/WhatsApp-Image-2026-03-16-at-2.16.31-PM-300x244.jpeg 300w\" sizes=\"(max-width: 591px) 100vw, 591px\" \/><\/figure>\n<\/figure>\n","protected":false},"author":2,"featured_media":0,"comment_status":"closed","ping_status":"closed","template":"","tags":[],"categoria_noticias":[],"class_list":["post-22084","noticias","type-noticias","status-publish","hentry"],"acf":[],"mb":[],"mfb_rest_fields":["title","gutenberg_elementor_mode"],"_links":{"self":[{"href":"https:\/\/portal.fgeo.gob.mx\/index.php\/wp-json\/wp\/v2\/noticias\/22084","targetHints":{"allow":["GET"]}}],"collection":[{"href":"https:\/\/portal.fgeo.gob.mx\/index.php\/wp-json\/wp\/v2\/noticias"}],"about":[{"href":"https:\/\/portal.fgeo.gob.mx\/index.php\/wp-json\/wp\/v2\/types\/noticias"}],"author":[{"embeddable":true,"href":"https:\/\/portal.fgeo.gob.mx\/index.php\/wp-json\/wp\/v2\/users\/2"}],"replies":[{"embeddable":true,"href":"https:\/\/portal.fgeo.gob.mx\/index.php\/wp-json\/wp\/v2\/comments?post=22084"}],"wp:attachment":[{"href":"https:\/\/portal.fgeo.gob.mx\/index.php\/wp-json\/wp\/v2\/media?parent=22084"}],"wp:term":[{"taxonomy":"post_tag","embeddable":true,"href":"https:\/\/portal.fgeo.gob.mx\/index.php\/wp-json\/wp\/v2\/tags?post=22084"},{"taxonomy":"categoria_noticias","embeddable":true,"href":"https:\/\/portal.fgeo.gob.mx\/index.php\/wp-json\/wp\/v2\/categoria_noticias?post=22084"}],"curies":[{"name":"wp","href":"https:\/\/api.w.org\/{rel}","templated":true}]}}