{"id":22073,"date":"2026-03-15T11:31:07","date_gmt":"2026-03-15T17:31:07","guid":{"rendered":"https:\/\/portal.fgeo.gob.mx\/?post_type=noticias&#038;p=22073"},"modified":"2026-03-15T11:31:07","modified_gmt":"2026-03-15T17:31:07","slug":"boletin-2282-fiscalia-de-oaxaca-obtiene-vinculacion-a-proceso-contra-imputado-detenido-durante-cateo-en-punto-de-venta-de-narcomenudeo-en-santa-ana-zegache","status":"publish","type":"noticias","link":"https:\/\/portal.fgeo.gob.mx\/index.php\/archivos\/noticias\/boletin-2282-fiscalia-de-oaxaca-obtiene-vinculacion-a-proceso-contra-imputado-detenido-durante-cateo-en-punto-de-venta-de-narcomenudeo-en-santa-ana-zegache","title":{"rendered":"BOLET\u00cdN 2282.- Fiscal\u00eda de Oaxaca obtiene vinculaci\u00f3n a proceso contra imputado detenido durante cateo en punto de venta de narcomenudeo en Santa Ana Zegache"},"content":{"rendered":"\n<p>Oaxaca de Ju\u00e1rez, Oax., 15 de marzo de 2026.-Como resultado de labores de inteligencia y acciones dirigidas al combate de delitos de alto impacto, la Fiscal\u00eda General del Estado de Oaxaca (FGEO) obtuvo auto de vinculaci\u00f3n a proceso y prisi\u00f3n preventiva en contra de un hombre identificado como L.H.L., imputado por el delito contra la salud en su modalidad de narcomenudeo en su hip\u00f3tesis posesi\u00f3n con fines de suministro de metanfetamina -conocida como cristal- y cannabis sativa, en hechos ocurridos en la regi\u00f3n de los Valles Centrales.<\/p>\n\n\n\n<p>De acuerdo con la investigaci\u00f3n asentada en el expediente penal, elementos de la Agencia Estatal de Investigaciones (AEI), adscritos a la Vicefiscal\u00eda Regional de Valles Centrales, ejecutaron una orden de cateo en un inmueble presuntamente utilizado como punto de venta de drogas, ubicado en la calle Guadalupe Victoria, en el municipio de Santa Ana Zegache, distrito de Ocotl\u00e1n de Morelos.<\/p>\n\n\n\n<p>Durante la intervenci\u00f3n t\u00e1ctica, los agentes localizaron al imputado al interior de una de las habitaciones en posesi\u00f3n de diversas dosis de droga, por lo que fue detenido y puesto a disposici\u00f3n del Ministerio P\u00fablico para definir su situaci\u00f3n jur\u00eddica.<\/p>\n\n\n\n<p>En audiencia, y tras valorar los datos de prueba presentados por la FGEO, el Juez de Control dict\u00f3 auto de vinculaci\u00f3n a proceso contra L.H.L., por el delito contra la salud en su modalidad de narcomenudeo en su hip\u00f3tesis posesi\u00f3n con fines de suministro de metanfetamina -conocida como cristal- y cannabis sativa, adem\u00e1s de imponer la medida cautelar de prisi\u00f3n preventiva justificada de forma definitiva y fijar un plazo de dos meses para el cierre de la investigaci\u00f3n complementaria.<\/p>\n\n\n\n<p>La Fiscal\u00eda de Oaxaca destac\u00f3 que estas acciones forman parte de las labores de inteligencia que fortalecen las investigaciones ministeriales, con el objetivo de robustecer la estrategia de seguridad p\u00fablica y procuraci\u00f3n de justicia en beneficio de la ciudadan\u00eda en las distintas regiones del estado.<\/p>\n\n\n\n<figure class=\"wp-block-gallery has-nested-images columns-default is-cropped wp-block-gallery-1 is-layout-flex wp-block-gallery-is-layout-flex\">\n<figure class=\"wp-block-image size-large\"><img fetchpriority=\"high\" decoding=\"async\" width=\"578\" height=\"1024\" data-id=\"22074\" src=\"https:\/\/portal.fgeo.gob.mx\/minio\/pagina\/wp-content\/uploads\/2026\/03\/WhatsApp-Image-2026-03-15-at-11.23.19-AM-578x1024.jpeg\" alt=\"\" class=\"wp-image-22074\" srcset=\"https:\/\/portal.fgeo.gob.mx\/minio\/pagina\/wp-content\/uploads\/2026\/03\/WhatsApp-Image-2026-03-15-at-11.23.19-AM-578x1024.jpeg 578w, https:\/\/portal.fgeo.gob.mx\/minio\/pagina\/wp-content\/uploads\/2026\/03\/WhatsApp-Image-2026-03-15-at-11.23.19-AM-169x300.jpeg 169w, https:\/\/portal.fgeo.gob.mx\/minio\/pagina\/wp-content\/uploads\/2026\/03\/WhatsApp-Image-2026-03-15-at-11.23.19-AM-768x1360.jpeg 768w, https:\/\/portal.fgeo.gob.mx\/minio\/pagina\/wp-content\/uploads\/2026\/03\/WhatsApp-Image-2026-03-15-at-11.23.19-AM.jpeg 781w\" sizes=\"(max-width: 578px) 100vw, 578px\" \/><\/figure>\n<\/figure>\n","protected":false},"author":2,"featured_media":0,"comment_status":"closed","ping_status":"closed","template":"","tags":[],"categoria_noticias":[],"class_list":["post-22073","noticias","type-noticias","status-publish","hentry"],"acf":[],"mb":[],"mfb_rest_fields":["title","gutenberg_elementor_mode"],"_links":{"self":[{"href":"https:\/\/portal.fgeo.gob.mx\/index.php\/wp-json\/wp\/v2\/noticias\/22073","targetHints":{"allow":["GET"]}}],"collection":[{"href":"https:\/\/portal.fgeo.gob.mx\/index.php\/wp-json\/wp\/v2\/noticias"}],"about":[{"href":"https:\/\/portal.fgeo.gob.mx\/index.php\/wp-json\/wp\/v2\/types\/noticias"}],"author":[{"embeddable":true,"href":"https:\/\/portal.fgeo.gob.mx\/index.php\/wp-json\/wp\/v2\/users\/2"}],"replies":[{"embeddable":true,"href":"https:\/\/portal.fgeo.gob.mx\/index.php\/wp-json\/wp\/v2\/comments?post=22073"}],"wp:attachment":[{"href":"https:\/\/portal.fgeo.gob.mx\/index.php\/wp-json\/wp\/v2\/media?parent=22073"}],"wp:term":[{"taxonomy":"post_tag","embeddable":true,"href":"https:\/\/portal.fgeo.gob.mx\/index.php\/wp-json\/wp\/v2\/tags?post=22073"},{"taxonomy":"categoria_noticias","embeddable":true,"href":"https:\/\/portal.fgeo.gob.mx\/index.php\/wp-json\/wp\/v2\/categoria_noticias?post=22073"}],"curies":[{"name":"wp","href":"https:\/\/api.w.org\/{rel}","templated":true}]}}