{"id":22064,"date":"2026-03-14T11:44:07","date_gmt":"2026-03-14T17:44:07","guid":{"rendered":"https:\/\/portal.fgeo.gob.mx\/?post_type=noticias&#038;p=22064"},"modified":"2026-03-14T11:44:07","modified_gmt":"2026-03-14T17:44:07","slug":"boletin-2279-fiscalia-de-oaxaca-da-con-el-paradero-de-personas-reportadas-como-no-localizadas-en-seis-diferentes-casos-reportados-en-la-capital","status":"publish","type":"noticias","link":"https:\/\/portal.fgeo.gob.mx\/index.php\/archivos\/noticias\/boletin-2279-fiscalia-de-oaxaca-da-con-el-paradero-de-personas-reportadas-como-no-localizadas-en-seis-diferentes-casos-reportados-en-la-capital","title":{"rendered":"BOLET\u00cdN 2279.- Fiscal\u00eda de Oaxaca da con el paradero de personas reportadas como No Localizadas en seis diferentes casos reportados en la capital"},"content":{"rendered":"\n<p><strong>Oaxaca de Ju\u00e1rez, Oax., 14 de marzo de 2026.-<\/strong> La aplicaci\u00f3n de protocolos de investigaci\u00f3n por parte de la Fiscal\u00eda General del Estado de Oaxaca (FGEO) permiti\u00f3 localizar a cinco personas que hab\u00edan sido reportadas como No Localizadas, originarias de diferentes puntos de la ciudad de Oaxaca.<\/p>\n\n\n\n<p>El primer caso corresponde a una mujer de 20 a\u00f1os, identificada como S.M.C.G., quien fue vista por \u00faltima vez el 20 de febrero de 2026 al salir de su domicilio ubicado en la calle Alonso Garc\u00eda Bravo, en el fraccionamiento Villa de Antequera, perteneciente al municipio de Oaxaca de Ju\u00e1rez, con la finalidad de trasladarse a trabajar a Puerto Escondido. El \u00faltimo contacto que tuvo con sus familiares ocurri\u00f3 el 6 de marzo mediante una llamada telef\u00f3nica, desconoci\u00e9ndose su paradero desde ese momento.<\/p>\n\n\n\n<p>Tras recibir la denuncia por parte de sus familiares, la FGEO, a trav\u00e9s de la Unidad de B\u00fasqueda de Personas Desaparecidas y No Localizadas (DNOL), adscrita a la Vicefiscal\u00eda General de Atenci\u00f3n a V\u00edctimas y Derechos Humanos, activ\u00f3 de inmediato los protocolos correspondientes para realizar las labores especializadas de b\u00fasqueda. Como resultado de estos trabajos, S.M.C.G., fue localizada el 11 de marzo de 2026.<\/p>\n\n\n\n<p>En un segundo caso, dos adolescentes identificadas como M.M.R.M. y B.C.J.H., ambas de 14 a\u00f1os de edad, fueron reportadas como no localizadas por sus familiares, quienes se\u00f1alaron que posiblemente se hab\u00edan trasladado a la regi\u00f3n de la Costa.<\/p>\n\n\n\n<p>Derivado de la coordinaci\u00f3n entre la Agencia Estatal de Investigaciones (AEI) y la Polic\u00eda Municipal de San Pedro Pochutla, se logr\u00f3 ubicar y resguardar a ambas menores de edad.<\/p>\n\n\n\n<p>Asimismo, fue localizada una persona identificada con las iniciales A.M.L., quien se identifica como persona transg\u00e9nero y se hace llamar M.H.T., de 31 a\u00f1os de edad, reportada como no localizada desde el 11 de septiembre de 2025, en el municipio de Cholula, en el estado de Puebla. Como resultado de las labores de b\u00fasqueda, el 6 de marzo de 2026 se logr\u00f3 establecer su paradero en la colonia El Mirador, en el municipio de Santa Cruz Xoxocotl\u00e1n.<\/p>\n\n\n\n<p>En otro caso, la adolescente L.S.P.C., de 16 a\u00f1os de edad, fue vista por \u00faltima vez el 13 de febrero de 2026 al salir de su domicilio en el municipio de San Antonio de la Cal. Gracias a la colaboraci\u00f3n con la Fiscal\u00eda General del Estado de San Luis Potos\u00ed, se logr\u00f3 su localizaci\u00f3n en esa entidad.<\/p>\n\n\n\n<p>La Fiscal\u00eda de Oaxaca mantiene una estrategia permanente para la b\u00fasqueda y localizaci\u00f3n de personas reportadas como no localizadas, que contempla la activaci\u00f3n inmediata de protocolos especializados, trabajo de campo e inteligencia, as\u00ed como la coordinaci\u00f3n con Fiscal\u00edas del pa\u00eds, con el objetivo de fortalecer las acciones de localizaci\u00f3n y garantizar la protecci\u00f3n de las v\u00edctimas.<\/p>\n\n\n\n<p>La instituci\u00f3n reiter\u00f3 que la denuncia oportuna es un elemento prioritario y fundamental en los procesos de investigaci\u00f3n y b\u00fasqueda de personas no localizadas, por lo que exhorta a la ciudadan\u00eda a acudir a las \u00e1reas especializadas para activar de inmediato los mecanismos de b\u00fasqueda.<\/p>\n\n\n\n<div class=\"wp-block-group is-layout-constrained wp-block-group-is-layout-constrained\">\n<div class=\"wp-block-columns is-layout-flex wp-container-core-columns-is-layout-28f84493 wp-block-columns-is-layout-flex\">\n<div class=\"wp-block-column is-layout-flow wp-block-column-is-layout-flow\" style=\"flex-basis:100%\">\n<figure class=\"wp-block-gallery has-nested-images columns-default is-cropped wp-block-gallery-1 is-layout-flex wp-block-gallery-is-layout-flex\">\n<figure class=\"wp-block-image size-large\"><img fetchpriority=\"high\" decoding=\"async\" width=\"818\" height=\"1024\" data-id=\"22065\" src=\"https:\/\/portal.fgeo.gob.mx\/minio\/pagina\/wp-content\/uploads\/2026\/03\/WhatsApp-Image-2026-03-13-at-7.27.36-AM-1-818x1024.jpeg\" alt=\"\" class=\"wp-image-22065\" srcset=\"https:\/\/portal.fgeo.gob.mx\/minio\/pagina\/wp-content\/uploads\/2026\/03\/WhatsApp-Image-2026-03-13-at-7.27.36-AM-1-818x1024.jpeg 818w, https:\/\/portal.fgeo.gob.mx\/minio\/pagina\/wp-content\/uploads\/2026\/03\/WhatsApp-Image-2026-03-13-at-7.27.36-AM-1-240x300.jpeg 240w, https:\/\/portal.fgeo.gob.mx\/minio\/pagina\/wp-content\/uploads\/2026\/03\/WhatsApp-Image-2026-03-13-at-7.27.36-AM-1-768x962.jpeg 768w, https:\/\/portal.fgeo.gob.mx\/minio\/pagina\/wp-content\/uploads\/2026\/03\/WhatsApp-Image-2026-03-13-at-7.27.36-AM-1.jpeg 967w\" sizes=\"(max-width: 818px) 100vw, 818px\" \/><\/figure>\n\n\n\n<figure class=\"wp-block-image\"><img decoding=\"async\" width=\"493\" height=\"842\" data-id=\"22067\" src=\"https:\/\/portal.fgeo.gob.mx\/minio\/pagina\/wp-content\/uploads\/2026\/03\/1cp.png\" alt=\"\" class=\"wp-image-22067\" srcset=\"https:\/\/portal.fgeo.gob.mx\/minio\/pagina\/wp-content\/uploads\/2026\/03\/1cp.png 493w, https:\/\/portal.fgeo.gob.mx\/minio\/pagina\/wp-content\/uploads\/2026\/03\/1cp-176x300.png 176w\" sizes=\"(max-width: 493px) 100vw, 493px\" \/><\/figure>\n\n\n\n<figure class=\"wp-block-image\"><img decoding=\"async\" width=\"971\" height=\"1600\" data-id=\"22068\" src=\"https:\/\/portal.fgeo.gob.mx\/minio\/pagina\/wp-content\/uploads\/2026\/03\/WhatsApp-Image-2026-03-14-at-11.40.27-AM.jpeg\" alt=\"\" class=\"wp-image-22068\" srcset=\"https:\/\/portal.fgeo.gob.mx\/minio\/pagina\/wp-content\/uploads\/2026\/03\/WhatsApp-Image-2026-03-14-at-11.40.27-AM.jpeg 971w, https:\/\/portal.fgeo.gob.mx\/minio\/pagina\/wp-content\/uploads\/2026\/03\/WhatsApp-Image-2026-03-14-at-11.40.27-AM-182x300.jpeg 182w, https:\/\/portal.fgeo.gob.mx\/minio\/pagina\/wp-content\/uploads\/2026\/03\/WhatsApp-Image-2026-03-14-at-11.40.27-AM-621x1024.jpeg 621w, https:\/\/portal.fgeo.gob.mx\/minio\/pagina\/wp-content\/uploads\/2026\/03\/WhatsApp-Image-2026-03-14-at-11.40.27-AM-768x1265.jpeg 768w, https:\/\/portal.fgeo.gob.mx\/minio\/pagina\/wp-content\/uploads\/2026\/03\/WhatsApp-Image-2026-03-14-at-11.40.27-AM-932x1536.jpeg 932w\" sizes=\"(max-width: 971px) 100vw, 971px\" \/><\/figure>\n<\/figure>\n<\/div>\n<\/div>\n<\/div>\n\n\n\n<figure class=\"wp-block-image size-large\"><img loading=\"lazy\" decoding=\"async\" width=\"816\" height=\"1024\" src=\"https:\/\/portal.fgeo.gob.mx\/minio\/pagina\/wp-content\/uploads\/2026\/03\/WhatsApp-Image-2026-03-13-at-7.27.36-AM-816x1024.jpeg\" alt=\"\" class=\"wp-image-22066\" srcset=\"https:\/\/portal.fgeo.gob.mx\/minio\/pagina\/wp-content\/uploads\/2026\/03\/WhatsApp-Image-2026-03-13-at-7.27.36-AM-816x1024.jpeg 816w, https:\/\/portal.fgeo.gob.mx\/minio\/pagina\/wp-content\/uploads\/2026\/03\/WhatsApp-Image-2026-03-13-at-7.27.36-AM-239x300.jpeg 239w, https:\/\/portal.fgeo.gob.mx\/minio\/pagina\/wp-content\/uploads\/2026\/03\/WhatsApp-Image-2026-03-13-at-7.27.36-AM-768x964.jpeg 768w, https:\/\/portal.fgeo.gob.mx\/minio\/pagina\/wp-content\/uploads\/2026\/03\/WhatsApp-Image-2026-03-13-at-7.27.36-AM.jpeg 967w\" sizes=\"(max-width: 816px) 100vw, 816px\" \/><\/figure>\n\n\n\n<p><\/p>\n","protected":false},"author":2,"featured_media":0,"comment_status":"closed","ping_status":"closed","template":"","tags":[],"categoria_noticias":[],"class_list":["post-22064","noticias","type-noticias","status-publish","hentry"],"acf":[],"mb":[],"mfb_rest_fields":["title","gutenberg_elementor_mode"],"_links":{"self":[{"href":"https:\/\/portal.fgeo.gob.mx\/index.php\/wp-json\/wp\/v2\/noticias\/22064","targetHints":{"allow":["GET"]}}],"collection":[{"href":"https:\/\/portal.fgeo.gob.mx\/index.php\/wp-json\/wp\/v2\/noticias"}],"about":[{"href":"https:\/\/portal.fgeo.gob.mx\/index.php\/wp-json\/wp\/v2\/types\/noticias"}],"author":[{"embeddable":true,"href":"https:\/\/portal.fgeo.gob.mx\/index.php\/wp-json\/wp\/v2\/users\/2"}],"replies":[{"embeddable":true,"href":"https:\/\/portal.fgeo.gob.mx\/index.php\/wp-json\/wp\/v2\/comments?post=22064"}],"wp:attachment":[{"href":"https:\/\/portal.fgeo.gob.mx\/index.php\/wp-json\/wp\/v2\/media?parent=22064"}],"wp:term":[{"taxonomy":"post_tag","embeddable":true,"href":"https:\/\/portal.fgeo.gob.mx\/index.php\/wp-json\/wp\/v2\/tags?post=22064"},{"taxonomy":"categoria_noticias","embeddable":true,"href":"https:\/\/portal.fgeo.gob.mx\/index.php\/wp-json\/wp\/v2\/categoria_noticias?post=22064"}],"curies":[{"name":"wp","href":"https:\/\/api.w.org\/{rel}","templated":true}]}}