{"id":22037,"date":"2026-03-12T14:30:00","date_gmt":"2026-03-12T20:30:00","guid":{"rendered":"https:\/\/portal.fgeo.gob.mx\/?post_type=noticias&#038;p=22037"},"modified":"2026-03-12T13:48:23","modified_gmt":"2026-03-12T19:48:23","slug":"boletin-2273-fiscalia-de-oaxaca-obtiene-sentencia-de-30-anos-de-prision-por-homicidio-cometido-por-grupo-armado-en-el-distrito-de-miahuatlan","status":"publish","type":"noticias","link":"https:\/\/portal.fgeo.gob.mx\/index.php\/archivos\/noticias\/boletin-2273-fiscalia-de-oaxaca-obtiene-sentencia-de-30-anos-de-prision-por-homicidio-cometido-por-grupo-armado-en-el-distrito-de-miahuatlan","title":{"rendered":"BOLET\u00cdN 2,273.- Fiscal\u00eda de Oaxaca obtiene sentencia de 30 a\u00f1os de prisi\u00f3n por homicidio cometido por grupo armado en el distrito de Miahuatl\u00e1n"},"content":{"rendered":"\n<p><strong>Oaxaca de Ju\u00e1rez, Oax., 12 de marzo de 2026.-<\/strong>La Fiscal\u00eda General del Estado de Oaxaca (FGEO) obtuvo sentencia condenatoria de 30 a\u00f1os de prisi\u00f3n en contra de una persona del sexo masculino identificada como Jorge.V.G., por su responsabilidad en el delito de homicidio calificado con premeditaci\u00f3n, alevos\u00eda y ventaja, cometido en la regi\u00f3n de la Sierra Sur.<\/p>\n\n\n\n<p>De acuerdo con el expediente penal del caso, los hechos ocurrieron el 25 de abril de 2022, cuando la v\u00edctima identificada como J.E.H.O., circulaba a bordo de una unidad de motor a la altura del paraje Puente San Antonio, perteneciente al municipio de San Crist\u00f3bal Amatl\u00e1n, distrito de Miahuatl\u00e1n.<\/p>\n\n\n\n<p>Las investigaciones ministeriales establecen que, en ese punto, la v\u00edctima fue interceptada por un grupo de personas que se encontraban a bordo de una camioneta estacionada en sentido contrario. Entre los agresores se encontraba, el ahora sentenciado, Jorge.V.G., quien realiz\u00f3 disparos de arma de fuego contra la v\u00edctima.<\/p>\n\n\n\n<p>Como consecuencia del ataque, la v\u00edctima recibi\u00f3 diversas lesiones que provocaron que perdiera el control del veh\u00edculo e impactara contra un poste de energ\u00eda el\u00e9ctrica, lo que le ocasion\u00f3 la muerte en el lugar.<\/p>\n\n\n\n<p>Tras cometer el crimen, los agresores huyeron a bordo de su veh\u00edculo con direcci\u00f3n a San Luis Amatl\u00e1n. Posteriormente, dicha unidad fue abandonada y localizada sobre un camino de terracer\u00eda en la rancher\u00eda Las Salinas, perteneciente a San Antonio Chiguivana, en el mismo municipio, donde fue asegurada por personal de la Agencia Estatal de Investigaciones (AEI) como parte de las diligencias ministeriales.<\/p>\n\n\n\n<p>Ante estos hechos, la FGEO, a trav\u00e9s de la Vicefiscal\u00eda Regional de Valles Centrales, inici\u00f3 una investigaci\u00f3n exhaustiva que permiti\u00f3 identificar y detener a Jorge.V.G., quien fue presentado ante el Juez que conoce la causa.&nbsp;<\/p>\n\n\n\n<p>Luego de analizar y valorar las pruebas presentadas por la Fiscal\u00eda de Oaxaca, el Juez en turno dict\u00f3 sentencia condenatoria de 30 a\u00f1os de prisi\u00f3n contra Jorge.V.G., adem\u00e1s de imponer el pago superior a 480 mil pesos por concepto de reparaci\u00f3n del da\u00f1o en favor de las v\u00edctimas indirectas.<\/p>\n\n\n\n<p>Con estas acciones, la Fiscal\u00eda General del Estado de Oaxaca refrenda su compromiso de realizar investigaciones cient\u00edficas, integrales y efectivas para esclarecer los delitos, llevar ante la justicia a los responsables y garantizar a las v\u00edctimas directas e indirectas un acceso pleno a la procuraci\u00f3n de justicia.<\/p>\n\n\n\n<figure class=\"wp-block-image size-full\"><img fetchpriority=\"high\" decoding=\"async\" width=\"455\" height=\"561\" src=\"https:\/\/portal.fgeo.gob.mx\/minio\/pagina\/wp-content\/uploads\/2026\/03\/Diseno-sin-titulo-1773344883.jpg\" alt=\"\" class=\"wp-image-22038\" srcset=\"https:\/\/portal.fgeo.gob.mx\/minio\/pagina\/wp-content\/uploads\/2026\/03\/Diseno-sin-titulo-1773344883.jpg 455w, https:\/\/portal.fgeo.gob.mx\/minio\/pagina\/wp-content\/uploads\/2026\/03\/Diseno-sin-titulo-1773344883-243x300.jpg 243w\" sizes=\"(max-width: 455px) 100vw, 455px\" \/><\/figure>\n","protected":false},"author":2,"featured_media":0,"comment_status":"closed","ping_status":"closed","template":"","tags":[],"categoria_noticias":[],"class_list":["post-22037","noticias","type-noticias","status-publish","hentry"],"acf":[],"mb":[],"mfb_rest_fields":["title","gutenberg_elementor_mode"],"_links":{"self":[{"href":"https:\/\/portal.fgeo.gob.mx\/index.php\/wp-json\/wp\/v2\/noticias\/22037","targetHints":{"allow":["GET"]}}],"collection":[{"href":"https:\/\/portal.fgeo.gob.mx\/index.php\/wp-json\/wp\/v2\/noticias"}],"about":[{"href":"https:\/\/portal.fgeo.gob.mx\/index.php\/wp-json\/wp\/v2\/types\/noticias"}],"author":[{"embeddable":true,"href":"https:\/\/portal.fgeo.gob.mx\/index.php\/wp-json\/wp\/v2\/users\/2"}],"replies":[{"embeddable":true,"href":"https:\/\/portal.fgeo.gob.mx\/index.php\/wp-json\/wp\/v2\/comments?post=22037"}],"wp:attachment":[{"href":"https:\/\/portal.fgeo.gob.mx\/index.php\/wp-json\/wp\/v2\/media?parent=22037"}],"wp:term":[{"taxonomy":"post_tag","embeddable":true,"href":"https:\/\/portal.fgeo.gob.mx\/index.php\/wp-json\/wp\/v2\/tags?post=22037"},{"taxonomy":"categoria_noticias","embeddable":true,"href":"https:\/\/portal.fgeo.gob.mx\/index.php\/wp-json\/wp\/v2\/categoria_noticias?post=22037"}],"curies":[{"name":"wp","href":"https:\/\/api.w.org\/{rel}","templated":true}]}}