{"id":22022,"date":"2026-03-11T14:34:32","date_gmt":"2026-03-11T20:34:32","guid":{"rendered":"https:\/\/portal.fgeo.gob.mx\/?post_type=noticias&#038;p=22022"},"modified":"2026-03-11T14:34:32","modified_gmt":"2026-03-11T20:34:32","slug":"boletin-2269-fiscalia-de-oaxaca-captura-a-una-persona-por-feminicidio-cometido-con-un-machete-en-agravio-de-adulta-mayor","status":"publish","type":"noticias","link":"https:\/\/portal.fgeo.gob.mx\/index.php\/archivos\/noticias\/boletin-2269-fiscalia-de-oaxaca-captura-a-una-persona-por-feminicidio-cometido-con-un-machete-en-agravio-de-adulta-mayor","title":{"rendered":"BOLET\u00cdN 2,269.- Fiscal\u00eda de Oaxaca captura a una persona por feminicidio cometido con un machete en agravio de adulta mayor"},"content":{"rendered":"\n<p><strong>Oaxaca de Ju\u00e1rez, Oax., 11 de marzo de 2026.- <\/strong>La Fiscal\u00eda General del Estado de Oaxaca (FGEO) ejecut\u00f3 una orden de aprehensi\u00f3n en contra de un hombre identificado como M.A.A.G. por el delito de feminicidio agravado, hechos ocurridos en la regi\u00f3n de la Costa.<\/p>\n\n\n\n<p>De acuerdo con el expediente penal del caso, los hechos ocurrieron el 26 de febrero de 2026, cuando la v\u00edctima era una mujer identificada como M.J.L.P., quien caminaba con un ni\u00f1o bajo su cuidado (quien result\u00f3 ileso) fue agredida por un hombre quien previamente ejerci\u00f3 violencia de diferentes tipos, el atacante utiliz\u00f3 un machete con el que infligi\u00f3 heridas en la frente y el cuello, -lo que provoc\u00f3 casi la separaci\u00f3n total de la cabeza- lesiones por las que perdi\u00f3 la vida.<\/p>\n\n\n\n<p>Tras los trabajos ministeriales realizados por la Vicefiscal\u00eda Regional de la Costa, se logr\u00f3 obtener una orden de aprehensi\u00f3n en contra de M.A.A.G. y derivado de los trabajos de inteligencia criminal se logr\u00f3 la localizaci\u00f3n del imputado y mediante un operativo de b\u00fasqueda efectuado por elementos de la Agencia Estatal de Investigaciones (AEI) se ejecut\u00f3 la orden.<\/p>\n\n\n\n<p>Despu\u00e9s de ser detenido M.A.A.G. fue puesto a disposici\u00f3n de la autoridad ministerial correspondiente para que se determin\u00e9 su situaci\u00f3n jur\u00eddica.<\/p>\n\n\n\n<p>La Fiscal\u00eda General del Estado de Oaxaca est\u00e1 comprometida con realizar investigaciones estrat\u00e9gicas que permitan presentar a quien o quienes resulten responsables de los delitos cometidos en contra de mujeres, esto con el objetivo de garantizar a las v\u00edctimas directas e indirectas un adecuado acceso a la procuraci\u00f3n de justicia.<\/p>\n\n\n\n<figure class=\"wp-block-image size-full\"><img fetchpriority=\"high\" decoding=\"async\" width=\"668\" height=\"813\" src=\"https:\/\/portal.fgeo.gob.mx\/minio\/pagina\/wp-content\/uploads\/2026\/03\/WhatsApp-Image-2026-03-11-at-10.20.31-AM-1.jpeg\" alt=\"\" class=\"wp-image-22023\" srcset=\"https:\/\/portal.fgeo.gob.mx\/minio\/pagina\/wp-content\/uploads\/2026\/03\/WhatsApp-Image-2026-03-11-at-10.20.31-AM-1.jpeg 668w, https:\/\/portal.fgeo.gob.mx\/minio\/pagina\/wp-content\/uploads\/2026\/03\/WhatsApp-Image-2026-03-11-at-10.20.31-AM-1-246x300.jpeg 246w\" sizes=\"(max-width: 668px) 100vw, 668px\" \/><\/figure>\n","protected":false},"author":2,"featured_media":0,"comment_status":"closed","ping_status":"closed","template":"","tags":[],"categoria_noticias":[],"class_list":["post-22022","noticias","type-noticias","status-publish","hentry"],"acf":[],"mb":[],"mfb_rest_fields":["title","gutenberg_elementor_mode"],"_links":{"self":[{"href":"https:\/\/portal.fgeo.gob.mx\/index.php\/wp-json\/wp\/v2\/noticias\/22022","targetHints":{"allow":["GET"]}}],"collection":[{"href":"https:\/\/portal.fgeo.gob.mx\/index.php\/wp-json\/wp\/v2\/noticias"}],"about":[{"href":"https:\/\/portal.fgeo.gob.mx\/index.php\/wp-json\/wp\/v2\/types\/noticias"}],"author":[{"embeddable":true,"href":"https:\/\/portal.fgeo.gob.mx\/index.php\/wp-json\/wp\/v2\/users\/2"}],"replies":[{"embeddable":true,"href":"https:\/\/portal.fgeo.gob.mx\/index.php\/wp-json\/wp\/v2\/comments?post=22022"}],"wp:attachment":[{"href":"https:\/\/portal.fgeo.gob.mx\/index.php\/wp-json\/wp\/v2\/media?parent=22022"}],"wp:term":[{"taxonomy":"post_tag","embeddable":true,"href":"https:\/\/portal.fgeo.gob.mx\/index.php\/wp-json\/wp\/v2\/tags?post=22022"},{"taxonomy":"categoria_noticias","embeddable":true,"href":"https:\/\/portal.fgeo.gob.mx\/index.php\/wp-json\/wp\/v2\/categoria_noticias?post=22022"}],"curies":[{"name":"wp","href":"https:\/\/api.w.org\/{rel}","templated":true}]}}