{"id":21977,"date":"2026-03-10T11:33:18","date_gmt":"2026-03-10T17:33:18","guid":{"rendered":"https:\/\/portal.fgeo.gob.mx\/?post_type=noticias&#038;p=21977"},"modified":"2026-03-10T11:33:18","modified_gmt":"2026-03-10T17:33:18","slug":"boletin-2265-fiscalia-de-oaxaca-detiene-a-mujer-por-robo-de-un-taxi-intentaban-vender-el-vehiculo-sustraido","status":"publish","type":"noticias","link":"https:\/\/portal.fgeo.gob.mx\/index.php\/archivos\/noticias\/boletin-2265-fiscalia-de-oaxaca-detiene-a-mujer-por-robo-de-un-taxi-intentaban-vender-el-vehiculo-sustraido","title":{"rendered":"BOLET\u00cdN 2,265.- Fiscal\u00eda de Oaxaca detiene a mujer por robo de un taxi; intentaban vender el veh\u00edculo sustra\u00eddo"},"content":{"rendered":"\n<p><strong>Oaxaca de Ju\u00e1rez, Oax., 10 de marzo de 2026.-<\/strong> La Fiscal\u00eda General del Estado de Oaxaca (FGEO) ejecut\u00f3 una orden de aprehensi\u00f3n que permiti\u00f3 la detenci\u00f3n de una mujer identificada como G.M.J., por el delito de equiparado al robo de veh\u00edculo, cometido en agravio de la persona moral Oficina Coordinadora de Riesgos Asegurados (OCRA).<\/p>\n\n\n\n<p>De acuerdo con la investigaci\u00f3n ministerial, el d\u00eda 14 de marzo de 2024, elementos de la Agencia Estatal de Investigaciones realizaban recorridos en el centro de Santiago Juxtlahuaca, cuando fueron alertados que un veh\u00edculo Nissan tipo Tsuru, utilizado como taxi del sitio L\u00e1zaro C\u00e1rdenas con n\u00famero econ\u00f3mico 46 que contaba con reporte de robo estaba siendo ofrecido en venta.<\/p>\n\n\n\n<p>Tras recibir el reporte, los agentes iniciaron la b\u00fasqueda de la unidad logrando ubicar el veh\u00edculo cuando circulaba sobre la calle Benito Ju\u00e1rez, en la colonia La Esperanza, en el mismo municipio.<\/p>\n\n\n\n<p>En la unidad viajaban un hombre y una mujer (la ahora detenida) y al verificar los datos del veh\u00edculo a trav\u00e9s del Registro P\u00fablico Vehicular (REPUVE), se confirm\u00f3 que la unidad presentaba estatus de reporte de robo, por lo que se iniciaron las diligencias ministeriales correspondientes.<\/p>\n\n\n\n<p>Derivado del avance en el proceso penal, el caso fue judicializado y, posteriormente, se libr\u00f3 la orden de aprehensi\u00f3n en contra de G.M.J, debido a que se sustrajo de la acci\u00f3n de la justicia, por lo que la autoridad judicial determin\u00f3 imponer la medida cautelar de prisi\u00f3n preventiva justificada.<\/p>\n\n\n\n<p>Luego de su detenci\u00f3n, G.M.J. fue puesta a disposici\u00f3n de la autoridad ministerial correspondiente, para determinar su situaci\u00f3n jur\u00eddica conforme a derecho.<\/p>\n\n\n\n<p>La Fiscal\u00eda de Oaxaca realiza trabajos ministeriales para combatir la comisi\u00f3n de delitos que afectan el patrimonio de la poblaci\u00f3n en distintas regiones de la entidad, con el objetivo de garantizar un adecuado acceso a la procuraci\u00f3n de justicia.<\/p>\n","protected":false},"author":2,"featured_media":0,"comment_status":"closed","ping_status":"closed","template":"","tags":[],"categoria_noticias":[],"class_list":["post-21977","noticias","type-noticias","status-publish","hentry"],"acf":[],"mb":[],"mfb_rest_fields":["title","gutenberg_elementor_mode"],"_links":{"self":[{"href":"https:\/\/portal.fgeo.gob.mx\/index.php\/wp-json\/wp\/v2\/noticias\/21977","targetHints":{"allow":["GET"]}}],"collection":[{"href":"https:\/\/portal.fgeo.gob.mx\/index.php\/wp-json\/wp\/v2\/noticias"}],"about":[{"href":"https:\/\/portal.fgeo.gob.mx\/index.php\/wp-json\/wp\/v2\/types\/noticias"}],"author":[{"embeddable":true,"href":"https:\/\/portal.fgeo.gob.mx\/index.php\/wp-json\/wp\/v2\/users\/2"}],"replies":[{"embeddable":true,"href":"https:\/\/portal.fgeo.gob.mx\/index.php\/wp-json\/wp\/v2\/comments?post=21977"}],"wp:attachment":[{"href":"https:\/\/portal.fgeo.gob.mx\/index.php\/wp-json\/wp\/v2\/media?parent=21977"}],"wp:term":[{"taxonomy":"post_tag","embeddable":true,"href":"https:\/\/portal.fgeo.gob.mx\/index.php\/wp-json\/wp\/v2\/tags?post=21977"},{"taxonomy":"categoria_noticias","embeddable":true,"href":"https:\/\/portal.fgeo.gob.mx\/index.php\/wp-json\/wp\/v2\/categoria_noticias?post=21977"}],"curies":[{"name":"wp","href":"https:\/\/api.w.org\/{rel}","templated":true}]}}