{"id":21886,"date":"2026-03-04T11:03:36","date_gmt":"2026-03-04T17:03:36","guid":{"rendered":"https:\/\/portal.fgeo.gob.mx\/?post_type=noticias&#038;p=21886"},"modified":"2026-03-04T11:03:36","modified_gmt":"2026-03-04T17:03:36","slug":"boletin-2246-fiscalia-de-oaxaca-y-gabinete-de-seguridad-capturan-a-dos-por-narcomenudeo-afuera-de-una-escuela-m-r-r-c-alias-yiyo-es-considerado-objetivo-prioritario-en-la-cost","status":"publish","type":"noticias","link":"https:\/\/portal.fgeo.gob.mx\/index.php\/archivos\/noticias\/boletin-2246-fiscalia-de-oaxaca-y-gabinete-de-seguridad-capturan-a-dos-por-narcomenudeo-afuera-de-una-escuela-m-r-r-c-alias-yiyo-es-considerado-objetivo-prioritario-en-la-cost","title":{"rendered":"BOLET\u00cdN 2,246.- Fiscal\u00eda de Oaxaca y Gabinete de Seguridad capturan a dos por narcomenudeo afuera de una escuela; M.R.R.C., alias \u201cYiyo\u201d, es considerado objetivo prioritario en la Costa"},"content":{"rendered":"\n<p><strong>Oaxaca de Ju\u00e1rez, Oax., 4 de marzo de 2026.-<\/strong> La Fiscal\u00eda General del Estado de Oaxaca, junto con las instituciones que forman parte del Gabinete de Seguridad, lograron la detenci\u00f3n de dos personas por narcomenudeo cometido afuera de una escuela en Santiago Jamiltepec, uno de los detenidos, identificado por las iniciales M.R.R.C., alias \u201cYiyo\u201d, es considerado objetivo prioritario de la Costa, pues los trabajos de inteligencia criminal lo vinculan con actividades ilegales ligadas a la c\u00e9lula delictiva de \u201cLos Rusos\u201d.<\/p>\n\n\n\n<p>El operativo encabezado por la Fiscal\u00eda de Oaxaca, a trav\u00e9s de la Agencia Estatal de Investigaciones (AEI), junto con la Secretar\u00eda de Marina (SEMAR), Secretar\u00eda de la Defensa Nacional (DEFENSA), Guardia Nacional y la Polic\u00eda Estatal, se llev\u00f3 a cabo en calles de Jamiltepec.<\/p>\n\n\n\n<p>Como resultado de las acciones de seguridad, se logr\u00f3 la detenci\u00f3n de dos personas del sexo masculino, identificadas por las iniciales M.H.Q., alias \u201cQuico\u201d y M.R.R.C., alias \u201cYiyo\u201d, a quienes tambi\u00e9n aseguraron dosis de las drogas conocidas como cristal y mariguana.<\/p>\n\n\n\n<p>Los detenidos quedaron a disposici\u00f3n del Ministerio P\u00fablico que reuni\u00f3 las pruebas suficientes para que el Juez de la causa dictara vinculaci\u00f3n a proceso en contra de los dos imputados por el delito de narcomenudeo.<\/p>\n\n\n\n<p>En tanto, los trabajos de inteligencia criminal revelaron que M.R.R.C., alias \u201cYiyo\u201d, es considerado como objetivo prioritario por ser un generador de violencia en la regi\u00f3n de la Costa, en la zona lim\u00edtrofe de Oaxaca con Guerrero.<\/p>\n\n\n\n<p>Con este tipo de operativos, la Fiscal\u00eda de Oaxaca trabaja de manera coordinada con los tres \u00f3rdenes de gobierno para fortalecer la seguridad p\u00fablica en beneficio de la ciudadan\u00eda en las ocho regiones de la entidad.<\/p>\n\n\n\n<figure class=\"wp-block-gallery has-nested-images columns-default is-cropped wp-block-gallery-1 is-layout-flex wp-block-gallery-is-layout-flex\">\n<figure class=\"wp-block-image size-large\"><img fetchpriority=\"high\" decoding=\"async\" width=\"1024\" height=\"858\" data-id=\"21887\" src=\"https:\/\/portal.fgeo.gob.mx\/minio\/pagina\/wp-content\/uploads\/2026\/03\/WhatsApp-Image-2026-03-04-at-10.38.20-AM-2-1024x858.jpeg\" alt=\"\" class=\"wp-image-21887\" srcset=\"https:\/\/portal.fgeo.gob.mx\/minio\/pagina\/wp-content\/uploads\/2026\/03\/WhatsApp-Image-2026-03-04-at-10.38.20-AM-2-1024x858.jpeg 1024w, https:\/\/portal.fgeo.gob.mx\/minio\/pagina\/wp-content\/uploads\/2026\/03\/WhatsApp-Image-2026-03-04-at-10.38.20-AM-2-300x251.jpeg 300w, https:\/\/portal.fgeo.gob.mx\/minio\/pagina\/wp-content\/uploads\/2026\/03\/WhatsApp-Image-2026-03-04-at-10.38.20-AM-2-768x643.jpeg 768w, https:\/\/portal.fgeo.gob.mx\/minio\/pagina\/wp-content\/uploads\/2026\/03\/WhatsApp-Image-2026-03-04-at-10.38.20-AM-2.jpeg 1318w\" sizes=\"(max-width: 1024px) 100vw, 1024px\" \/><\/figure>\n\n\n\n<figure class=\"wp-block-image size-large\"><img decoding=\"async\" width=\"1024\" height=\"854\" data-id=\"21888\" src=\"https:\/\/portal.fgeo.gob.mx\/minio\/pagina\/wp-content\/uploads\/2026\/03\/WhatsApp-Image-2026-03-04-at-10.38.20-AM-1-1024x854.jpeg\" alt=\"\" class=\"wp-image-21888\" srcset=\"https:\/\/portal.fgeo.gob.mx\/minio\/pagina\/wp-content\/uploads\/2026\/03\/WhatsApp-Image-2026-03-04-at-10.38.20-AM-1-1024x854.jpeg 1024w, https:\/\/portal.fgeo.gob.mx\/minio\/pagina\/wp-content\/uploads\/2026\/03\/WhatsApp-Image-2026-03-04-at-10.38.20-AM-1-300x250.jpeg 300w, https:\/\/portal.fgeo.gob.mx\/minio\/pagina\/wp-content\/uploads\/2026\/03\/WhatsApp-Image-2026-03-04-at-10.38.20-AM-1-768x641.jpeg 768w, https:\/\/portal.fgeo.gob.mx\/minio\/pagina\/wp-content\/uploads\/2026\/03\/WhatsApp-Image-2026-03-04-at-10.38.20-AM-1-1536x1282.jpeg 1536w, https:\/\/portal.fgeo.gob.mx\/minio\/pagina\/wp-content\/uploads\/2026\/03\/WhatsApp-Image-2026-03-04-at-10.38.20-AM-1.jpeg 1600w\" sizes=\"(max-width: 1024px) 100vw, 1024px\" \/><\/figure>\n<\/figure>\n\n\n\n<figure class=\"wp-block-image size-large\"><img decoding=\"async\" width=\"1024\" height=\"418\" src=\"https:\/\/portal.fgeo.gob.mx\/minio\/pagina\/wp-content\/uploads\/2026\/03\/WhatsApp-Image-2026-03-04-at-10.38.20-AM-1024x418.jpeg\" alt=\"\" class=\"wp-image-21889\" srcset=\"https:\/\/portal.fgeo.gob.mx\/minio\/pagina\/wp-content\/uploads\/2026\/03\/WhatsApp-Image-2026-03-04-at-10.38.20-AM-1024x418.jpeg 1024w, https:\/\/portal.fgeo.gob.mx\/minio\/pagina\/wp-content\/uploads\/2026\/03\/WhatsApp-Image-2026-03-04-at-10.38.20-AM-300x122.jpeg 300w, https:\/\/portal.fgeo.gob.mx\/minio\/pagina\/wp-content\/uploads\/2026\/03\/WhatsApp-Image-2026-03-04-at-10.38.20-AM-768x313.jpeg 768w, https:\/\/portal.fgeo.gob.mx\/minio\/pagina\/wp-content\/uploads\/2026\/03\/WhatsApp-Image-2026-03-04-at-10.38.20-AM-1536x627.jpeg 1536w, https:\/\/portal.fgeo.gob.mx\/minio\/pagina\/wp-content\/uploads\/2026\/03\/WhatsApp-Image-2026-03-04-at-10.38.20-AM.jpeg 1588w\" sizes=\"(max-width: 1024px) 100vw, 1024px\" \/><\/figure>\n","protected":false},"author":2,"featured_media":0,"comment_status":"closed","ping_status":"closed","template":"","tags":[],"categoria_noticias":[],"class_list":["post-21886","noticias","type-noticias","status-publish","hentry"],"acf":[],"mb":[],"mfb_rest_fields":["title","gutenberg_elementor_mode"],"_links":{"self":[{"href":"https:\/\/portal.fgeo.gob.mx\/index.php\/wp-json\/wp\/v2\/noticias\/21886","targetHints":{"allow":["GET"]}}],"collection":[{"href":"https:\/\/portal.fgeo.gob.mx\/index.php\/wp-json\/wp\/v2\/noticias"}],"about":[{"href":"https:\/\/portal.fgeo.gob.mx\/index.php\/wp-json\/wp\/v2\/types\/noticias"}],"author":[{"embeddable":true,"href":"https:\/\/portal.fgeo.gob.mx\/index.php\/wp-json\/wp\/v2\/users\/2"}],"replies":[{"embeddable":true,"href":"https:\/\/portal.fgeo.gob.mx\/index.php\/wp-json\/wp\/v2\/comments?post=21886"}],"wp:attachment":[{"href":"https:\/\/portal.fgeo.gob.mx\/index.php\/wp-json\/wp\/v2\/media?parent=21886"}],"wp:term":[{"taxonomy":"post_tag","embeddable":true,"href":"https:\/\/portal.fgeo.gob.mx\/index.php\/wp-json\/wp\/v2\/tags?post=21886"},{"taxonomy":"categoria_noticias","embeddable":true,"href":"https:\/\/portal.fgeo.gob.mx\/index.php\/wp-json\/wp\/v2\/categoria_noticias?post=21886"}],"curies":[{"name":"wp","href":"https:\/\/api.w.org\/{rel}","templated":true}]}}