{"id":21848,"date":"2026-03-02T10:44:46","date_gmt":"2026-03-02T16:44:46","guid":{"rendered":"https:\/\/portal.fgeo.gob.mx\/?post_type=noticias&#038;p=21848"},"modified":"2026-03-02T10:44:46","modified_gmt":"2026-03-02T16:44:46","slug":"boletin-2239-fiscalia-de-oaxaca-obtiene-tres-vinculaciones-a-proceso-contra-imputados-detenidos-por-narcomenudeo-gracias-a-operativo-interinstitucional-desplegado-en-el-istmo","status":"publish","type":"noticias","link":"https:\/\/portal.fgeo.gob.mx\/index.php\/archivos\/noticias\/boletin-2239-fiscalia-de-oaxaca-obtiene-tres-vinculaciones-a-proceso-contra-imputados-detenidos-por-narcomenudeo-gracias-a-operativo-interinstitucional-desplegado-en-el-istmo","title":{"rendered":"BOLET\u00cdN 2,239.- Fiscal\u00eda de Oaxaca obtiene tres vinculaciones a proceso contra imputados detenidos por narcomenudeo, gracias a operativo interinstitucional desplegado en el Istmo"},"content":{"rendered":"\n<p><strong>Oaxaca de Ju\u00e1rez, Oax., 2 de marzo de 2026.-<\/strong> Como resultado de acciones coordinadas en el combate a los delitos contra la salud en su modalidad de narcomenudeo, la Fiscal\u00eda General del Estado de Oaxaca (FGEO) obtuvo la vinculaci\u00f3n a proceso de tres personas, dos en el municipio de Mat\u00edas Romero Avenda\u00f1o y una m\u00e1s en Juchit\u00e1n de Zaragoza, en la regi\u00f3n del Istmo de Tehuantepec.<\/p>\n\n\n\n<p>En el primer caso, el imputado fue detenido por elementos de seguridad que realizaban recorridos de vigilancia y en el que detectaron a un hombre que mostr\u00f3 una conducta evasiva al notar la presencia policial en el momento que circulaba en calles de la colonia Centro Norte de Mat\u00edas Romero Avenda\u00f1o.<\/p>\n\n\n\n<p>El informe policial, detalla que tras darle alcance y realizar una inspecci\u00f3n conforme a protocolo, localizaron entre sus pertenencias diversas bolsitas que conten\u00edan una sustancia granulada con caracter\u00edsticas similares al cristal, por lo que fue detenido y puesto a disposici\u00f3n del Ministerio P\u00fablico de la Vicefiscal\u00eda Regional del Istmo.<\/p>\n\n\n\n<p>Luego de que la FGEO present\u00f3 los datos de prueba ante el Juez de Control, el imputado, identificado como Y.A.L.G., fue vinculado a proceso por el delito contra la salud en su modalidad de posesi\u00f3n de narc\u00f3ticos, imponiendo la respectiva medida cautelar y otorgando un plazo de tres meses para el cierre de la investigaci\u00f3n complementaria.<\/p>\n\n\n\n<p><strong>Segunda vinculaci\u00f3n por delitos contra la Salud<\/strong><\/p>\n\n\n\n<p>En un segundo caso, la FGEO obtuvo auto de vinculaci\u00f3n a proceso en contra de una mujer identificada como T.M., por hechos ocurridos el 15 de enero de 2026, cuando elementos de la Polic\u00eda Estatal implementaron un dispositivo de seguridad en inmediaciones de la desviaci\u00f3n a Mogo\u00f1\u00e9, en el municipio de San Juan Guichicovi.<\/p>\n\n\n\n<p>La investigaci\u00f3n detalla que durante la intervenci\u00f3n a una unidad de transporte, los elementos detectaron un olor a cannabis, por lo que realizaron una inspecci\u00f3n a la imputada, localizando entre sus pertenencias hierba seca con caracter\u00edsticas propias de la marihuana, la mujer fue detenida y puesta a disposici\u00f3n de la autoridad ministerial.<\/p>\n\n\n\n<p>Posteriormente, y tras el desahogo de las diligencias ministeriales, el Juez de la causa resolvi\u00f3 vincular a proceso a T.M., por el delito contra la salud, otorgando un plazo de dos meses para el cierre de la investigaci\u00f3n complementaria.<\/p>\n\n\n\n<p><strong>Tercera vinculaci\u00f3n a proceso contra imputado detenido en flagrancia<\/strong><\/p>\n\n\n\n<p>En un tercer caso, la FGEO logr\u00f3 procesar penalmente a un hombre de iniciales R.D.M., por delitos contra la salud en su modalidad de narcomenudeo en su hip\u00f3tesis con fines de comercio y suministro.<\/p>\n\n\n\n<p>Las investigaciones de este caso, detallan que el imputado fue detenido el pasado 31 de enero de 2026, por elementos de la Polic\u00eda Estatal cuando realizaban recorridos de seguridad sobre calles del municipio de Juchit\u00e1n de Zaragoza.<\/p>\n\n\n\n<p>El informe revela que en ese lugar los elementos policiales observaron a un hombre que intent\u00f3 evadir la presencia policial y, al realizar la inspecci\u00f3n correspondiente, localizaron una mochila que conten\u00eda diversas bolsitas de drogas conocidas como cristal, as\u00ed como dinero en efectivo del cual no pudo acreditar su origen de legalidad por lo que procedieron a su detenci\u00f3n y puesta a disposici\u00f3n.<\/p>\n\n\n\n<p>Derivado de las pruebas presentadas por la Vicefiscal\u00eda Regional del Istmo, el hoy imputado, fue vinculado a proceso por el delito contra la salud en su modalidad de narcomenudeo, adem\u00e1s le fue impuesta la medida cautelar de prisi\u00f3n preventiva justificada en lo que se desarrolla el proceso penal.<\/p>\n\n\n\n<p>La Fiscal\u00eda General del Estado de Oaxaca reitera su compromiso de realizar investigaciones exhaustivas y fortalecer las acciones de procuraci\u00f3n de justicia, con el objetivo de combatir los delitos contra la salud que afectan la seguridad y el bienestar de la sociedad.<\/p>\n\n\n\n<figure class=\"wp-block-gallery has-nested-images columns-default is-cropped wp-block-gallery-1 is-layout-flex wp-block-gallery-is-layout-flex\">\n<figure class=\"wp-block-image size-full\"><img fetchpriority=\"high\" decoding=\"async\" width=\"672\" height=\"515\" data-id=\"21851\" src=\"https:\/\/portal.fgeo.gob.mx\/minio\/pagina\/wp-content\/uploads\/2026\/03\/WhatsApp-Image-2026-03-02-at-9.26.17-AM.jpeg\" alt=\"\" class=\"wp-image-21851\" srcset=\"https:\/\/portal.fgeo.gob.mx\/minio\/pagina\/wp-content\/uploads\/2026\/03\/WhatsApp-Image-2026-03-02-at-9.26.17-AM.jpeg 672w, https:\/\/portal.fgeo.gob.mx\/minio\/pagina\/wp-content\/uploads\/2026\/03\/WhatsApp-Image-2026-03-02-at-9.26.17-AM-300x230.jpeg 300w\" sizes=\"(max-width: 672px) 100vw, 672px\" \/><\/figure>\n\n\n\n<figure class=\"wp-block-image size-full\"><img decoding=\"async\" width=\"498\" height=\"584\" data-id=\"21849\" src=\"https:\/\/portal.fgeo.gob.mx\/minio\/pagina\/wp-content\/uploads\/2026\/03\/WhatsApp-Image-2026-03-02-at-9.26.16-AM.jpeg\" alt=\"\" class=\"wp-image-21849\" srcset=\"https:\/\/portal.fgeo.gob.mx\/minio\/pagina\/wp-content\/uploads\/2026\/03\/WhatsApp-Image-2026-03-02-at-9.26.16-AM.jpeg 498w, https:\/\/portal.fgeo.gob.mx\/minio\/pagina\/wp-content\/uploads\/2026\/03\/WhatsApp-Image-2026-03-02-at-9.26.16-AM-256x300.jpeg 256w\" sizes=\"(max-width: 498px) 100vw, 498px\" \/><\/figure>\n\n\n\n<figure class=\"wp-block-image size-full\"><img decoding=\"async\" width=\"522\" height=\"708\" data-id=\"21850\" src=\"https:\/\/portal.fgeo.gob.mx\/minio\/pagina\/wp-content\/uploads\/2026\/03\/WhatsApp-Image-2026-03-02-at-9.26.15-AM.jpeg\" alt=\"\" class=\"wp-image-21850\" srcset=\"https:\/\/portal.fgeo.gob.mx\/minio\/pagina\/wp-content\/uploads\/2026\/03\/WhatsApp-Image-2026-03-02-at-9.26.15-AM.jpeg 522w, https:\/\/portal.fgeo.gob.mx\/minio\/pagina\/wp-content\/uploads\/2026\/03\/WhatsApp-Image-2026-03-02-at-9.26.15-AM-221x300.jpeg 221w\" sizes=\"(max-width: 522px) 100vw, 522px\" \/><\/figure>\n<\/figure>\n","protected":false},"author":2,"featured_media":0,"comment_status":"closed","ping_status":"closed","template":"","tags":[],"categoria_noticias":[],"class_list":["post-21848","noticias","type-noticias","status-publish","hentry"],"acf":[],"mb":[],"mfb_rest_fields":["title","gutenberg_elementor_mode"],"_links":{"self":[{"href":"https:\/\/portal.fgeo.gob.mx\/index.php\/wp-json\/wp\/v2\/noticias\/21848","targetHints":{"allow":["GET"]}}],"collection":[{"href":"https:\/\/portal.fgeo.gob.mx\/index.php\/wp-json\/wp\/v2\/noticias"}],"about":[{"href":"https:\/\/portal.fgeo.gob.mx\/index.php\/wp-json\/wp\/v2\/types\/noticias"}],"author":[{"embeddable":true,"href":"https:\/\/portal.fgeo.gob.mx\/index.php\/wp-json\/wp\/v2\/users\/2"}],"replies":[{"embeddable":true,"href":"https:\/\/portal.fgeo.gob.mx\/index.php\/wp-json\/wp\/v2\/comments?post=21848"}],"wp:attachment":[{"href":"https:\/\/portal.fgeo.gob.mx\/index.php\/wp-json\/wp\/v2\/media?parent=21848"}],"wp:term":[{"taxonomy":"post_tag","embeddable":true,"href":"https:\/\/portal.fgeo.gob.mx\/index.php\/wp-json\/wp\/v2\/tags?post=21848"},{"taxonomy":"categoria_noticias","embeddable":true,"href":"https:\/\/portal.fgeo.gob.mx\/index.php\/wp-json\/wp\/v2\/categoria_noticias?post=21848"}],"curies":[{"name":"wp","href":"https:\/\/api.w.org\/{rel}","templated":true}]}}