{"id":21846,"date":"2026-03-01T15:02:30","date_gmt":"2026-03-01T21:02:30","guid":{"rendered":"https:\/\/portal.fgeo.gob.mx\/?post_type=noticias&#038;p=21846"},"modified":"2026-03-01T15:02:30","modified_gmt":"2026-03-01T21:02:30","slug":"boletin-2238-obtiene-fiscalia-de-oaxaca-vinculacion-a-proceso-y-prision-contra-objetivo-prioritario-implicado-en-homicidio-ocurrido-en-pinotepa-nacional","status":"publish","type":"noticias","link":"https:\/\/portal.fgeo.gob.mx\/index.php\/archivos\/noticias\/boletin-2238-obtiene-fiscalia-de-oaxaca-vinculacion-a-proceso-y-prision-contra-objetivo-prioritario-implicado-en-homicidio-ocurrido-en-pinotepa-nacional","title":{"rendered":"BOLET\u00cdN 2238- Obtiene Fiscal\u00eda de Oaxaca vinculaci\u00f3n a proceso y prisi\u00f3n contra objetivo prioritario implicado en homicidio ocurrido en Pinotepa Nacional"},"content":{"rendered":"\n<p><strong>Oaxaca de Ju\u00e1rez, Oax., 01 de marzo de 2026.-<\/strong> La Fiscal\u00eda General del Estado de Oaxaca (FGEO) obtuvo auto de vinculaci\u00f3n a proceso en contra de una persona del sexo masculino identificada como J.A.S.S. o J.S.S., por el delito de homicidio calificado con ventaja, el imputado es considerado objetivo prioritario al estar identificado como uno de los principales generadores de violencia en la regi\u00f3n de la Costa.<\/p>\n\n\n\n<p>De acuerdo con el expediente penal del caso, los hechos ocurrieron el 24 de diciembre de 2025, cuando la v\u00edctima, un hombre de iniciales A.I.C.H., fue obligado a subir una camioneta para luego ser trasladado a un sitio de la colonia La Planta, en el municipio de Santiago Pinotepa Nacional, lugar donde fue agredida con disparos de arma de fuego infligiendo lesiones que lo privaron de la vida.<\/p>\n\n\n\n<p>Tras los trabajos ministeriales realizados por la Fiscal\u00eda Especializada en Atenci\u00f3n a Delitos de Alto Impacto de la Vicefiscal\u00eda Regional de la Costa, se logr\u00f3 obtener una orden de aprehensi\u00f3n y posteriormente, la detenci\u00f3n de J.A.S.S. o J.S.S. mediante un operativo de b\u00fasqueda efectuado por elementos de la Agencia Estatal de Investigaciones (AEI), para luego ser puesto a disposici\u00f3n de la autoridad judicial quien le formul\u00f3 imputaci\u00f3n.<\/p>\n\n\n\n<p>Durante la audiencia y tras el desahogo de pruebas aportadas por la FGEO, el Juez de Control dict\u00f3 auto de vinculaci\u00f3n a proceso e impuso la medida cautelar de prisi\u00f3n preventiva oficiosa, adem\u00e1s de conceder un plazo de dos meses para el cierre de la investigaci\u00f3n complementaria.<\/p>\n\n\n\n<p>La Fiscal\u00eda de Oaxaca contin\u00faa con las investigaciones ya que existen indicios que lo vinculan con una c\u00e9lula criminal que opera la regi\u00f3n de la costa presuntamente dedicada al cobro de piso, secuestro, extorsi\u00f3n, tr\u00e1fico de armas y narcomenudeo.<\/p>\n\n\n\n<p>Adem\u00e1s de su presunta participaci\u00f3n en diversos hechos delictivos figurada dentro de la lista de personas m\u00e1s buscadas en esa zona del estado.<\/p>\n\n\n\n<p>La Fiscal\u00eda General del Estado de Oaxaca est\u00e1 comprometida con realizar investigaciones s\u00f3lidas y estrat\u00e9gicas que permitan desarticular c\u00e9lulas delictivas y neutralizar a generadores de violencia en las distintas regiones de la entidad, fortaleciendo as\u00ed la seguridad y el acceso efectivo a la procuraci\u00f3n de justicia.<\/p>\n\n\n\n<figure class=\"wp-block-gallery has-nested-images columns-default is-cropped wp-block-gallery-1 is-layout-flex wp-block-gallery-is-layout-flex\">\n<figure class=\"wp-block-image size-large\"><img fetchpriority=\"high\" decoding=\"async\" width=\"1024\" height=\"661\" data-id=\"21847\" src=\"https:\/\/portal.fgeo.gob.mx\/minio\/pagina\/wp-content\/uploads\/2026\/03\/BOLETIN-2238-1024x661.jpeg\" alt=\"\" class=\"wp-image-21847\" srcset=\"https:\/\/portal.fgeo.gob.mx\/minio\/pagina\/wp-content\/uploads\/2026\/03\/BOLETIN-2238-1024x661.jpeg 1024w, https:\/\/portal.fgeo.gob.mx\/minio\/pagina\/wp-content\/uploads\/2026\/03\/BOLETIN-2238-300x194.jpeg 300w, https:\/\/portal.fgeo.gob.mx\/minio\/pagina\/wp-content\/uploads\/2026\/03\/BOLETIN-2238-768x496.jpeg 768w, https:\/\/portal.fgeo.gob.mx\/minio\/pagina\/wp-content\/uploads\/2026\/03\/BOLETIN-2238.jpeg 1219w\" sizes=\"(max-width: 1024px) 100vw, 1024px\" \/><\/figure>\n<\/figure>\n","protected":false},"author":2,"featured_media":0,"comment_status":"closed","ping_status":"closed","template":"","tags":[],"categoria_noticias":[],"class_list":["post-21846","noticias","type-noticias","status-publish","hentry"],"acf":[],"mb":[],"mfb_rest_fields":["title","gutenberg_elementor_mode"],"_links":{"self":[{"href":"https:\/\/portal.fgeo.gob.mx\/index.php\/wp-json\/wp\/v2\/noticias\/21846","targetHints":{"allow":["GET"]}}],"collection":[{"href":"https:\/\/portal.fgeo.gob.mx\/index.php\/wp-json\/wp\/v2\/noticias"}],"about":[{"href":"https:\/\/portal.fgeo.gob.mx\/index.php\/wp-json\/wp\/v2\/types\/noticias"}],"author":[{"embeddable":true,"href":"https:\/\/portal.fgeo.gob.mx\/index.php\/wp-json\/wp\/v2\/users\/2"}],"replies":[{"embeddable":true,"href":"https:\/\/portal.fgeo.gob.mx\/index.php\/wp-json\/wp\/v2\/comments?post=21846"}],"wp:attachment":[{"href":"https:\/\/portal.fgeo.gob.mx\/index.php\/wp-json\/wp\/v2\/media?parent=21846"}],"wp:term":[{"taxonomy":"post_tag","embeddable":true,"href":"https:\/\/portal.fgeo.gob.mx\/index.php\/wp-json\/wp\/v2\/tags?post=21846"},{"taxonomy":"categoria_noticias","embeddable":true,"href":"https:\/\/portal.fgeo.gob.mx\/index.php\/wp-json\/wp\/v2\/categoria_noticias?post=21846"}],"curies":[{"name":"wp","href":"https:\/\/api.w.org\/{rel}","templated":true}]}}