{"id":21822,"date":"2026-02-27T18:00:00","date_gmt":"2026-02-28T00:00:00","guid":{"rendered":"https:\/\/portal.fgeo.gob.mx\/?post_type=noticias&#038;p=21822"},"modified":"2026-02-27T16:11:12","modified_gmt":"2026-02-27T22:11:12","slug":"boletin-2236-captura-fgeo-a-presunto-agresor-sexual-de-una-adolescente-en-el-istmo-la-victima-resulto-embarazada","status":"publish","type":"noticias","link":"https:\/\/portal.fgeo.gob.mx\/index.php\/archivos\/noticias\/boletin-2236-captura-fgeo-a-presunto-agresor-sexual-de-una-adolescente-en-el-istmo-la-victima-resulto-embarazada","title":{"rendered":"BOLET\u00cdN 2236.- Captura FGEO a presunto agresor sexual de una adolescente en el Istmo; la v\u00edctima result\u00f3 embarazada"},"content":{"rendered":"\n<p><strong>Oaxaca de Ju\u00e1rez, Oax., 27 de febrero de 2026<\/strong>.- La Fiscal\u00eda General del Estado de Oaxaca (FGEO), ejecut\u00f3 una orden de aprehensi\u00f3n en contra de una persona del sexo masculino identificada como F.T.P., por el delito de violaci\u00f3n agravada, cometido en agravio de una adolescente, en hechos ocurridos en la regi\u00f3n del Istmo de Tehuantepec.<\/p>\n\n\n\n<p>De acuerdo con la causa penal del caso, los hechos ocurrieron de manera reiterada entre marzo de 2020 y enero de 2025 en un domicilio de Santa Mar\u00eda Petapa. Las investigaciones establecen que la v\u00edctima era agredida sexualmente en los momentos en los que se encontraba sola, situaci\u00f3n que deriv\u00f3 en afectaciones f\u00edsicas y emocionales a la v\u00edctima.<\/p>\n\n\n\n<p>Posteriormente, el 22 de febrero de 2025, tras una valoraci\u00f3n m\u00e9dica, se confirm\u00f3 que la adolescente cursaba un embarazo de cinco meses de gestaci\u00f3n.<\/p>\n\n\n\n<p>Ante estos hechos, la FGEO a trav\u00e9s de la Vicefiscal\u00eda Regional del Istmo, realiz\u00f3 las diligencias correspondientes, entre ellas, entrevistas ministeriales, inspecci\u00f3n del lugar de los hechos, dict\u00e1menes m\u00e9dicos y psicol\u00f3gicos y periciales, que permitieron reunir datos de prueba y solicitar el mandato judicial en contra de F.T.P., por el delito de violaci\u00f3n agravada.<\/p>\n\n\n\n<p>Una vez ubicado, F.T.P., \u2014identificado como padrastro de la menor\u2014 fue detenido por elementos de la Agencia Estatal de Investigaciones (AEI) y puesto a disposici\u00f3n de la autoridad judicial competente para resolver su situaci\u00f3n jur\u00eddica.<\/p>\n\n\n\n<p>En el desahogo de la audiencia inicial, el Juez de Control decret\u00f3 como legal la detenci\u00f3n de F.T.P., adem\u00e1s que se comunic\u00f3 la imputaci\u00f3n a espera de la resoluci\u00f3n.<\/p>\n\n\n\n<p>La Fiscal\u00eda de Oaxaca prioriza las investigaciones relacionadas con delitos cometidos contra ni\u00f1as, ni\u00f1os, adolescentes y mujeres, para presentar ante la justicia a los responsables a fin de garantizar el derecho a una vida libre de violencia.<\/p>\n\n\n\n<figure class=\"wp-block-gallery has-nested-images columns-default is-cropped wp-block-gallery-1 is-layout-flex wp-block-gallery-is-layout-flex\">\n<figure class=\"wp-block-image size-large\"><img fetchpriority=\"high\" decoding=\"async\" width=\"790\" height=\"1024\" data-id=\"21823\" src=\"https:\/\/portal.fgeo.gob.mx\/minio\/pagina\/wp-content\/uploads\/2026\/02\/WhatsApp-Image-2026-02-27-at-4.06.37-PM-790x1024.jpeg\" alt=\"\" class=\"wp-image-21823\" srcset=\"https:\/\/portal.fgeo.gob.mx\/minio\/pagina\/wp-content\/uploads\/2026\/02\/WhatsApp-Image-2026-02-27-at-4.06.37-PM-790x1024.jpeg 790w, https:\/\/portal.fgeo.gob.mx\/minio\/pagina\/wp-content\/uploads\/2026\/02\/WhatsApp-Image-2026-02-27-at-4.06.37-PM-231x300.jpeg 231w, https:\/\/portal.fgeo.gob.mx\/minio\/pagina\/wp-content\/uploads\/2026\/02\/WhatsApp-Image-2026-02-27-at-4.06.37-PM-768x996.jpeg 768w, https:\/\/portal.fgeo.gob.mx\/minio\/pagina\/wp-content\/uploads\/2026\/02\/WhatsApp-Image-2026-02-27-at-4.06.37-PM.jpeg 926w\" sizes=\"(max-width: 790px) 100vw, 790px\" \/><\/figure>\n<\/figure>\n","protected":false},"author":2,"featured_media":0,"comment_status":"closed","ping_status":"closed","template":"","tags":[],"categoria_noticias":[],"class_list":["post-21822","noticias","type-noticias","status-publish","hentry"],"acf":[],"mb":[],"mfb_rest_fields":["title","gutenberg_elementor_mode"],"_links":{"self":[{"href":"https:\/\/portal.fgeo.gob.mx\/index.php\/wp-json\/wp\/v2\/noticias\/21822","targetHints":{"allow":["GET"]}}],"collection":[{"href":"https:\/\/portal.fgeo.gob.mx\/index.php\/wp-json\/wp\/v2\/noticias"}],"about":[{"href":"https:\/\/portal.fgeo.gob.mx\/index.php\/wp-json\/wp\/v2\/types\/noticias"}],"author":[{"embeddable":true,"href":"https:\/\/portal.fgeo.gob.mx\/index.php\/wp-json\/wp\/v2\/users\/2"}],"replies":[{"embeddable":true,"href":"https:\/\/portal.fgeo.gob.mx\/index.php\/wp-json\/wp\/v2\/comments?post=21822"}],"wp:attachment":[{"href":"https:\/\/portal.fgeo.gob.mx\/index.php\/wp-json\/wp\/v2\/media?parent=21822"}],"wp:term":[{"taxonomy":"post_tag","embeddable":true,"href":"https:\/\/portal.fgeo.gob.mx\/index.php\/wp-json\/wp\/v2\/tags?post=21822"},{"taxonomy":"categoria_noticias","embeddable":true,"href":"https:\/\/portal.fgeo.gob.mx\/index.php\/wp-json\/wp\/v2\/categoria_noticias?post=21822"}],"curies":[{"name":"wp","href":"https:\/\/api.w.org\/{rel}","templated":true}]}}