{"id":21778,"date":"2026-02-24T14:03:00","date_gmt":"2026-02-24T20:03:00","guid":{"rendered":"https:\/\/portal.fgeo.gob.mx\/?post_type=noticias&#038;p=21778"},"modified":"2026-02-24T14:03:00","modified_gmt":"2026-02-24T20:03:00","slug":"boletin-2224-dos-personas-quedan-a-disposicion-de-fiscalia-de-oaxaca-por-fallecimiento-de-dos-ninas-haitianas-en-casa-de-transito-del-dif","status":"publish","type":"noticias","link":"https:\/\/portal.fgeo.gob.mx\/index.php\/archivos\/noticias\/boletin-2224-dos-personas-quedan-a-disposicion-de-fiscalia-de-oaxaca-por-fallecimiento-de-dos-ninas-haitianas-en-casa-de-transito-del-dif","title":{"rendered":"BOLET\u00cdN 2,224.- Dos personas quedan a disposici\u00f3n de Fiscal\u00eda de Oaxaca por fallecimiento de dos ni\u00f1as haitianas en casa de tr\u00e1nsito del DIF"},"content":{"rendered":"\n<p>*<em>Activan protocolos con enfoque de infancia y despliega equipo especializado<\/em><\/p>\n\n\n\n<p><em>* Abren carpeta de investigaci\u00f3n y brinda acompa\u00f1amiento integral a familia de v\u00edctimas<\/em><\/p>\n\n\n\n<p><strong>Oaxaca de Ju\u00e1rez, Oax., 24 de febrero de 2026.-<\/strong>La Fiscal\u00eda General del Estado de Oaxaca inici\u00f3 una investigaci\u00f3n penal exhaustiva <a>luego del incidente en el que perdieron la vida dos ni\u00f1as de origen haitiano <\/a>ocurrido en la Casa Hogar \u201cPatos\u201d, un centro de tr\u00e1nsito perteneciente al Sistema DIF Estatal. Los hechos se registraron la ma\u00f1ana del 24 de febrero.<\/p>\n\n\n\n<p>Como resultado de la colaboraci\u00f3n institucional y el intercambio de informaci\u00f3n con autoridades del Sistema DIF Estatal, dos personas fueron puestas a disposici\u00f3n del Ministerio P\u00fablico <a>para deslindar responsabilidades y fortalecer el curso de las investigaciones, garantizando objetividad, transparencia, legalidad y pleno respeto al debido proceso.<\/a><\/p>\n\n\n\n<p>Desde que la instituci\u00f3n tuvo conocimiento del caso, activ\u00f3 los protocolos especializados y conform\u00f3 un equipo multidisciplinario integrado de la Fiscal\u00eda Especializada en Justicia para Ni\u00f1as, Ni\u00f1os y Adolescentes, as\u00ed como de la Fiscal\u00eda Especializada en Delitos contra la Mujer por Raz\u00f3n de G\u00e9nero, debido a la naturaleza de los hechos, que requieren una intervenci\u00f3n integral con perspectiva de g\u00e9nero, infancia y adolescencia.<\/p>\n\n\n\n<p>De acuerdo con los datos emanados de los trabajos iniciales, las menores de edad estaban albergadas -junto con su madre- en el centro de transici\u00f3n: las ni\u00f1as estaban jugando en inmediaciones del \u00e1rea donde se ubica una cisterna dentro del centro de acogida, lugar en el que posteriormente fueron localizadas sin vida.<\/p>\n\n\n\n<p>La instituci\u00f3n procuradora de justicia ya cuenta con la informaci\u00f3n suficiente para establecer las primeras hip\u00f3tesis legales del caso, trabajos que se llevan a cabo con perspectiva de g\u00e9nero y enfoque especializado en ni\u00f1ez, privilegiando el inter\u00e9s superior de la infancia y la m\u00e1xima protecci\u00f3n.<\/p>\n\n\n\n<p>La Fiscal\u00eda de Oaxaca reitera que agotar\u00e1 todas las l\u00edneas de investigaci\u00f3n para esclarecer los hechos, deslindar responsabilidades y evitar cualquier forma de impunidad, por ello, el equipo que encabeza las investigaciones trabaja los elementos de prueba bajo criterios cient\u00edficos, t\u00e9cnicos y objetivos, a fin de construir una teor\u00eda s\u00f3lida del caso para fincar responsabilidades en torno a lo ocurrido.<\/p>\n\n\n\n<figure class=\"wp-block-image size-large\"><img fetchpriority=\"high\" decoding=\"async\" width=\"791\" height=\"1024\" src=\"https:\/\/portal.fgeo.gob.mx\/minio\/pagina\/wp-content\/uploads\/2026\/02\/BOLETIN-2224.-Dos-personas-quedan-a-disposicion-de-Fiscalia-de-Oaxaca-por-fallecimiento-de-dos-ninas-haitianas-en-casa-de-transito-del-DIF_page-0001-791x1024.jpg\" alt=\"\" class=\"wp-image-21779\" srcset=\"https:\/\/portal.fgeo.gob.mx\/minio\/pagina\/wp-content\/uploads\/2026\/02\/BOLETIN-2224.-Dos-personas-quedan-a-disposicion-de-Fiscalia-de-Oaxaca-por-fallecimiento-de-dos-ninas-haitianas-en-casa-de-transito-del-DIF_page-0001-791x1024.jpg 791w, https:\/\/portal.fgeo.gob.mx\/minio\/pagina\/wp-content\/uploads\/2026\/02\/BOLETIN-2224.-Dos-personas-quedan-a-disposicion-de-Fiscalia-de-Oaxaca-por-fallecimiento-de-dos-ninas-haitianas-en-casa-de-transito-del-DIF_page-0001-232x300.jpg 232w, https:\/\/portal.fgeo.gob.mx\/minio\/pagina\/wp-content\/uploads\/2026\/02\/BOLETIN-2224.-Dos-personas-quedan-a-disposicion-de-Fiscalia-de-Oaxaca-por-fallecimiento-de-dos-ninas-haitianas-en-casa-de-transito-del-DIF_page-0001-768x994.jpg 768w, https:\/\/portal.fgeo.gob.mx\/minio\/pagina\/wp-content\/uploads\/2026\/02\/BOLETIN-2224.-Dos-personas-quedan-a-disposicion-de-Fiscalia-de-Oaxaca-por-fallecimiento-de-dos-ninas-haitianas-en-casa-de-transito-del-DIF_page-0001-1187x1536.jpg 1187w, https:\/\/portal.fgeo.gob.mx\/minio\/pagina\/wp-content\/uploads\/2026\/02\/BOLETIN-2224.-Dos-personas-quedan-a-disposicion-de-Fiscalia-de-Oaxaca-por-fallecimiento-de-dos-ninas-haitianas-en-casa-de-transito-del-DIF_page-0001.jpg 1275w\" sizes=\"(max-width: 791px) 100vw, 791px\" \/><\/figure>\n","protected":false},"author":2,"featured_media":0,"comment_status":"closed","ping_status":"closed","template":"","tags":[],"categoria_noticias":[],"class_list":["post-21778","noticias","type-noticias","status-publish","hentry"],"acf":[],"mb":[],"mfb_rest_fields":["title","gutenberg_elementor_mode"],"_links":{"self":[{"href":"https:\/\/portal.fgeo.gob.mx\/index.php\/wp-json\/wp\/v2\/noticias\/21778","targetHints":{"allow":["GET"]}}],"collection":[{"href":"https:\/\/portal.fgeo.gob.mx\/index.php\/wp-json\/wp\/v2\/noticias"}],"about":[{"href":"https:\/\/portal.fgeo.gob.mx\/index.php\/wp-json\/wp\/v2\/types\/noticias"}],"author":[{"embeddable":true,"href":"https:\/\/portal.fgeo.gob.mx\/index.php\/wp-json\/wp\/v2\/users\/2"}],"replies":[{"embeddable":true,"href":"https:\/\/portal.fgeo.gob.mx\/index.php\/wp-json\/wp\/v2\/comments?post=21778"}],"wp:attachment":[{"href":"https:\/\/portal.fgeo.gob.mx\/index.php\/wp-json\/wp\/v2\/media?parent=21778"}],"wp:term":[{"taxonomy":"post_tag","embeddable":true,"href":"https:\/\/portal.fgeo.gob.mx\/index.php\/wp-json\/wp\/v2\/tags?post=21778"},{"taxonomy":"categoria_noticias","embeddable":true,"href":"https:\/\/portal.fgeo.gob.mx\/index.php\/wp-json\/wp\/v2\/categoria_noticias?post=21778"}],"curies":[{"name":"wp","href":"https:\/\/api.w.org\/{rel}","templated":true}]}}