{"id":21741,"date":"2026-02-23T16:37:54","date_gmt":"2026-02-23T22:37:54","guid":{"rendered":"https:\/\/portal.fgeo.gob.mx\/?post_type=noticias&#038;p=21741"},"modified":"2026-02-23T16:37:54","modified_gmt":"2026-02-23T22:37:54","slug":"boletin-2221-detiene-fiscalia-de-oaxaca-a-sujeto-por-narcomenudeo-estaria-ligado-a-robos-en-la-zona-metropolitana","status":"publish","type":"noticias","link":"https:\/\/portal.fgeo.gob.mx\/index.php\/archivos\/noticias\/boletin-2221-detiene-fiscalia-de-oaxaca-a-sujeto-por-narcomenudeo-estaria-ligado-a-robos-en-la-zona-metropolitana","title":{"rendered":"BOLET\u00cdN 2,221.- Detiene Fiscal\u00eda de Oaxaca a sujeto por narcomenudeo; estar\u00eda ligado a robos en la Zona Metropolitana"},"content":{"rendered":"\n<p><strong>Oaxaca de Ju\u00e1rez a 23 febrero de 2026.-<\/strong> La Fiscal\u00eda General del Estado de Oaxaca (FGEO) inform\u00f3 la detenci\u00f3n de un hombre identificado como V.I.C.R., por su probable responsabilidad en el delito contra la salud, en la modalidad de narcomenudeo en su hip\u00f3tesis de suministro en hechos ocurridos en la regi\u00f3n de los Valles Centrales.<\/p>\n\n\n\n<p>La detenci\u00f3n fue realizada por elementos de la Agencia Estatal de Investigaciones (AEI), adscritos a la Vicefiscal\u00eda Regional de Valles Centrales, quienes posteriormente pusieron al detenido a disposici\u00f3n de la autoridad competente para determinar su situaci\u00f3n jur\u00eddica.<\/p>\n\n\n\n<p>De acuerdo con las investigaciones ministeriales, el detenido tambi\u00e9n estar\u00eda probablemente relacionado con la comisi\u00f3n de diversos robos cometidos en la colonia Am\u00e9rica Sur, en el municipio de Oaxaca de Ju\u00e1rez, el cual presumiblemente operaba a bordo de una bicicleta.<\/p>\n\n\n\n<p>Uno de estos incidentes fue captado en un video difundido en redes sociales, donde se observa a un individuo huir en bicicleta tras haber despojado de sus pertenencias a una mujer en la calle Argentina en la colonia Am\u00e9rica Sur.<\/p>\n\n\n\n<p>Con estas acciones, la Fiscal\u00eda General del Estado de Oaxaca reiter\u00f3 su compromiso de combatir el narcomenudeo y desarticular redes de distribuci\u00f3n de sustancias il\u00edcitas, as\u00ed como de perseguir delitos que atentan contra el patrimonio de la ciudadan\u00eda oaxaque\u00f1a.<\/p>\n\n\n\n<figure class=\"wp-block-gallery has-nested-images columns-default is-cropped wp-block-gallery-1 is-layout-flex wp-block-gallery-is-layout-flex\">\n<figure class=\"wp-block-image size-large\"><img fetchpriority=\"high\" decoding=\"async\" width=\"1024\" height=\"781\" data-id=\"21743\" src=\"https:\/\/portal.fgeo.gob.mx\/minio\/pagina\/wp-content\/uploads\/2026\/02\/Diseno-sin-titulo-1771884344-1024x781.jpg\" alt=\"\" class=\"wp-image-21743\" srcset=\"https:\/\/portal.fgeo.gob.mx\/minio\/pagina\/wp-content\/uploads\/2026\/02\/Diseno-sin-titulo-1771884344-1024x781.jpg 1024w, https:\/\/portal.fgeo.gob.mx\/minio\/pagina\/wp-content\/uploads\/2026\/02\/Diseno-sin-titulo-1771884344-300x229.jpg 300w, https:\/\/portal.fgeo.gob.mx\/minio\/pagina\/wp-content\/uploads\/2026\/02\/Diseno-sin-titulo-1771884344-768x586.jpg 768w, https:\/\/portal.fgeo.gob.mx\/minio\/pagina\/wp-content\/uploads\/2026\/02\/Diseno-sin-titulo-1771884344.jpg 1200w\" sizes=\"(max-width: 1024px) 100vw, 1024px\" \/><figcaption class=\"wp-element-caption\">Dise\u00f1o sin t\u00edtulo &#8211; 1<\/figcaption><\/figure>\n\n\n\n<figure class=\"wp-block-image size-large\"><img decoding=\"async\" width=\"1024\" height=\"752\" data-id=\"21744\" src=\"https:\/\/portal.fgeo.gob.mx\/minio\/pagina\/wp-content\/uploads\/2026\/02\/Diseno-sin-titulo-1-1771884344-1024x752.jpg\" alt=\"\" class=\"wp-image-21744\" srcset=\"https:\/\/portal.fgeo.gob.mx\/minio\/pagina\/wp-content\/uploads\/2026\/02\/Diseno-sin-titulo-1-1771884344-1024x752.jpg 1024w, https:\/\/portal.fgeo.gob.mx\/minio\/pagina\/wp-content\/uploads\/2026\/02\/Diseno-sin-titulo-1-1771884344-300x220.jpg 300w, https:\/\/portal.fgeo.gob.mx\/minio\/pagina\/wp-content\/uploads\/2026\/02\/Diseno-sin-titulo-1-1771884344-768x564.jpg 768w, https:\/\/portal.fgeo.gob.mx\/minio\/pagina\/wp-content\/uploads\/2026\/02\/Diseno-sin-titulo-1-1771884344.jpg 1163w\" sizes=\"(max-width: 1024px) 100vw, 1024px\" \/><figcaption class=\"wp-element-caption\">Dise\u00f1o sin t\u00edtulo &#8211; 1<\/figcaption><\/figure>\n\n\n\n<figure class=\"wp-block-image size-full\"><img decoding=\"async\" width=\"983\" height=\"695\" data-id=\"21745\" src=\"https:\/\/portal.fgeo.gob.mx\/minio\/pagina\/wp-content\/uploads\/2026\/02\/Diseno-sin-titulo-2-6.jpg\" alt=\"\" class=\"wp-image-21745\" srcset=\"https:\/\/portal.fgeo.gob.mx\/minio\/pagina\/wp-content\/uploads\/2026\/02\/Diseno-sin-titulo-2-6.jpg 983w, https:\/\/portal.fgeo.gob.mx\/minio\/pagina\/wp-content\/uploads\/2026\/02\/Diseno-sin-titulo-2-6-300x212.jpg 300w, https:\/\/portal.fgeo.gob.mx\/minio\/pagina\/wp-content\/uploads\/2026\/02\/Diseno-sin-titulo-2-6-768x543.jpg 768w\" sizes=\"(max-width: 983px) 100vw, 983px\" \/><figcaption class=\"wp-element-caption\">Dise\u00f1o sin t\u00edtulo &#8211; 1<\/figcaption><\/figure>\n<\/figure>\n","protected":false},"author":2,"featured_media":0,"comment_status":"closed","ping_status":"closed","template":"","tags":[],"categoria_noticias":[],"class_list":["post-21741","noticias","type-noticias","status-publish","hentry"],"acf":[],"mb":[],"mfb_rest_fields":["title","gutenberg_elementor_mode"],"_links":{"self":[{"href":"https:\/\/portal.fgeo.gob.mx\/index.php\/wp-json\/wp\/v2\/noticias\/21741","targetHints":{"allow":["GET"]}}],"collection":[{"href":"https:\/\/portal.fgeo.gob.mx\/index.php\/wp-json\/wp\/v2\/noticias"}],"about":[{"href":"https:\/\/portal.fgeo.gob.mx\/index.php\/wp-json\/wp\/v2\/types\/noticias"}],"author":[{"embeddable":true,"href":"https:\/\/portal.fgeo.gob.mx\/index.php\/wp-json\/wp\/v2\/users\/2"}],"replies":[{"embeddable":true,"href":"https:\/\/portal.fgeo.gob.mx\/index.php\/wp-json\/wp\/v2\/comments?post=21741"}],"wp:attachment":[{"href":"https:\/\/portal.fgeo.gob.mx\/index.php\/wp-json\/wp\/v2\/media?parent=21741"}],"wp:term":[{"taxonomy":"post_tag","embeddable":true,"href":"https:\/\/portal.fgeo.gob.mx\/index.php\/wp-json\/wp\/v2\/tags?post=21741"},{"taxonomy":"categoria_noticias","embeddable":true,"href":"https:\/\/portal.fgeo.gob.mx\/index.php\/wp-json\/wp\/v2\/categoria_noticias?post=21741"}],"curies":[{"name":"wp","href":"https:\/\/api.w.org\/{rel}","templated":true}]}}