{"id":21739,"date":"2026-02-23T15:00:19","date_gmt":"2026-02-23T21:00:19","guid":{"rendered":"https:\/\/portal.fgeo.gob.mx\/?post_type=noticias&#038;p=21739"},"modified":"2026-02-23T15:00:19","modified_gmt":"2026-02-23T21:00:19","slug":"boletin-2220-logra-fgeo-condena-de-17-anos-de-prision-a-agresor-sexual-de-una-adolescente-en-la-costa","status":"publish","type":"noticias","link":"https:\/\/portal.fgeo.gob.mx\/index.php\/archivos\/noticias\/boletin-2220-logra-fgeo-condena-de-17-anos-de-prision-a-agresor-sexual-de-una-adolescente-en-la-costa","title":{"rendered":"BOLET\u00cdN 2,220.- Logra FGEO condena de 17 a\u00f1os de prisi\u00f3n a agresor sexual de una adolescente en la Costa"},"content":{"rendered":"\n<p><strong>Oaxaca de Ju\u00e1rez, Oax., 23 de febrero de 2026.-<\/strong> Como resultado del trabajo especializado con perspectiva de g\u00e9nero, la Fiscal\u00eda General del Estado de Oaxaca (FGEO) obtuvo una sentencia condenatoria de 17 a\u00f1os de prisi\u00f3n en contra de una persona del sexo masculino identificado como Esteban P.R., responsable del delito de violaci\u00f3n equiparada, cometido en agravio de una adolescente, en la regi\u00f3n de la Costa.<\/p>\n\n\n\n<p>De acuerdo con el expediente penal del caso, los hechos ocurrieron el 13 de noviembre de 2022, en un domicilio de Puerto Escondido. Seg\u00fan el expediente penal, el sentenciado agredi\u00f3 sexualmente a la v\u00edctima \u2013 una adolescente, cuya identidad est\u00e1 reservada por ley-.<\/p>\n\n\n\n<p>Tras la denuncia, la Vicefiscal\u00eda Regional de la Costa inici\u00f3 las diligencias que permitieron acreditar la responsabilidad penal de Esteban P.R. Luego de valorar las pruebas presentadas por la FGEO el Juez de la causa dict\u00f3 el fallo condenatorio, imponiendo una sentencia condenatoria de 17 a\u00f1os de prisi\u00f3n, as\u00ed como una multa econ\u00f3mica y el pago de la reparaci\u00f3n del da\u00f1o.<\/p>\n\n\n\n<p>La Fiscal\u00eda General del Estado de Oaxaca reitera su compromiso de investigar con firmeza los delitos que atenten contra la integridad y el desarrollo de ni\u00f1as, ni\u00f1os y adolescentes, garantizando el acceso a la justicia para las v\u00edctimas, especialmente cuando se trata de personas en situaci\u00f3n de vulnerabilidad.<\/p>\n\n\n\n<figure class=\"wp-block-image size-large\"><img fetchpriority=\"high\" decoding=\"async\" width=\"769\" height=\"1024\" src=\"https:\/\/portal.fgeo.gob.mx\/minio\/pagina\/wp-content\/uploads\/2026\/02\/Foto-Boletin-2220-769x1024.jpg\" alt=\"\" class=\"wp-image-21740\" srcset=\"https:\/\/portal.fgeo.gob.mx\/minio\/pagina\/wp-content\/uploads\/2026\/02\/Foto-Boletin-2220-769x1024.jpg 769w, https:\/\/portal.fgeo.gob.mx\/minio\/pagina\/wp-content\/uploads\/2026\/02\/Foto-Boletin-2220-225x300.jpg 225w, https:\/\/portal.fgeo.gob.mx\/minio\/pagina\/wp-content\/uploads\/2026\/02\/Foto-Boletin-2220-768x1023.jpg 768w, https:\/\/portal.fgeo.gob.mx\/minio\/pagina\/wp-content\/uploads\/2026\/02\/Foto-Boletin-2220-1153x1536.jpg 1153w, https:\/\/portal.fgeo.gob.mx\/minio\/pagina\/wp-content\/uploads\/2026\/02\/Foto-Boletin-2220.jpg 1201w\" sizes=\"(max-width: 769px) 100vw, 769px\" \/><\/figure>\n","protected":false},"author":2,"featured_media":0,"comment_status":"closed","ping_status":"closed","template":"","tags":[],"categoria_noticias":[],"class_list":["post-21739","noticias","type-noticias","status-publish","hentry"],"acf":[],"mb":[],"mfb_rest_fields":["title","gutenberg_elementor_mode"],"_links":{"self":[{"href":"https:\/\/portal.fgeo.gob.mx\/index.php\/wp-json\/wp\/v2\/noticias\/21739","targetHints":{"allow":["GET"]}}],"collection":[{"href":"https:\/\/portal.fgeo.gob.mx\/index.php\/wp-json\/wp\/v2\/noticias"}],"about":[{"href":"https:\/\/portal.fgeo.gob.mx\/index.php\/wp-json\/wp\/v2\/types\/noticias"}],"author":[{"embeddable":true,"href":"https:\/\/portal.fgeo.gob.mx\/index.php\/wp-json\/wp\/v2\/users\/2"}],"replies":[{"embeddable":true,"href":"https:\/\/portal.fgeo.gob.mx\/index.php\/wp-json\/wp\/v2\/comments?post=21739"}],"wp:attachment":[{"href":"https:\/\/portal.fgeo.gob.mx\/index.php\/wp-json\/wp\/v2\/media?parent=21739"}],"wp:term":[{"taxonomy":"post_tag","embeddable":true,"href":"https:\/\/portal.fgeo.gob.mx\/index.php\/wp-json\/wp\/v2\/tags?post=21739"},{"taxonomy":"categoria_noticias","embeddable":true,"href":"https:\/\/portal.fgeo.gob.mx\/index.php\/wp-json\/wp\/v2\/categoria_noticias?post=21739"}],"curies":[{"name":"wp","href":"https:\/\/api.w.org\/{rel}","templated":true}]}}