{"id":20683,"date":"2026-01-19T12:03:33","date_gmt":"2026-01-19T18:03:33","guid":{"rendered":"https:\/\/portal.fgeo.gob.mx\/?post_type=noticias&#038;p=20683"},"modified":"2026-01-19T12:03:33","modified_gmt":"2026-01-19T18:03:33","slug":"boletin-2116-fiscalia-de-oaxaca-y-fede-obtienen-vinculacion-a-proceso-contra-expresidente-exsindico-y-exregidor-de-san-juan-lajarcia-por-violencia-politica","status":"publish","type":"noticias","link":"https:\/\/portal.fgeo.gob.mx\/index.php\/archivos\/noticias\/boletin-2116-fiscalia-de-oaxaca-y-fede-obtienen-vinculacion-a-proceso-contra-expresidente-exsindico-y-exregidor-de-san-juan-lajarcia-por-violencia-politica","title":{"rendered":"BOLET\u00cdN 2,116.- Fiscal\u00eda de Oaxaca y FEDE obtienen vinculaci\u00f3n a proceso contra expresidente, exs\u00edndico y exregidor de San Juan Lajarcia por Violencia Pol\u00edtica"},"content":{"rendered":"\n<p><strong>Fiscal\u00eda de Oaxaca y FEDE obtienen vinculaci\u00f3n a proceso contra expresidente, exs\u00edndico y exregidor de San Juan Lajarcia por Violencia Pol\u00edtica<\/strong><\/p>\n\n\n\n<p><strong>Oaxaca de Ju\u00e1rez, Oax., a 19 de enero de 2026.- <\/strong>La Fiscal\u00eda General del Estado de Oaxaca (FGEO), a trav\u00e9s de la Fiscal\u00eda Especializada en Delitos Electorales (FEDE), obtuvo auto de vinculaci\u00f3n a proceso en contra de A.H.V., J.A.A.M. y R.F.R.S., exconcejales del Ayuntamiento del Municipio de San Juan Lajarcia, en el Distrito de San Carlos Yautepec, por el delito de Violencia Pol\u00edtica Contra las Mujeres en Raz\u00f3n de G\u00e9nero.<\/p>\n\n\n\n<p>La Fiscal\u00eda de Oaxaca tom\u00f3 conocimiento del caso a trav\u00e9s de la FEDE, luego de recibir la denuncia presentada por la v\u00edctima identificada como G.M.D. quien ejerc\u00eda el cargo de Regidora en el referido municipio.<\/p>\n\n\n\n<p>La v\u00edctima denunci\u00f3 ante la autoridad ministerial sobre la obstrucci\u00f3n para ejercer las facultades de cargo de regidora luego de ser electa por la Asamblea Comunitaria de su municipio, maltratos basados en estereotipos de g\u00e9nero, violencia verbal y psicol\u00f3gica.<\/p>\n\n\n\n<p>Durante la audiencia se manifestaron las razones por las que se realiz\u00f3 la imputaci\u00f3n a quienes fueron servidores p\u00fablicos del Ayuntamiento de San Juan Lajarcia, logrando el Auto de Vinculaci\u00f3n a proceso por el delito de Violencia Pol\u00edtica contra las Mujeres en Raz\u00f3n de G\u00e9nero estipulado por el art\u00edculo 20Bis de la Ley General en Materia de Delitos Electorales.<\/p>\n\n\n\n<p>La Fiscal\u00eda General del Estado de Oaxaca, a trav\u00e9s de su Fiscal\u00eda Especializada en Delitos Electorales, reitera su compromiso con la protecci\u00f3n de los derechos de las mujeres para el libre desarrollo y ejercicio de los cargos p\u00fablicos.<\/p>\n\n\n\n<figure class=\"wp-block-image size-large\"><img fetchpriority=\"high\" decoding=\"async\" width=\"1024\" height=\"686\" src=\"https:\/\/portal.fgeo.gob.mx\/minio\/pagina\/wp-content\/uploads\/2026\/01\/WhatsApp-Image-2026-01-19-at-11.53.07-AM-1024x686.jpeg\" alt=\"\" class=\"wp-image-20684\" srcset=\"https:\/\/portal.fgeo.gob.mx\/minio\/pagina\/wp-content\/uploads\/2026\/01\/WhatsApp-Image-2026-01-19-at-11.53.07-AM-1024x686.jpeg 1024w, https:\/\/portal.fgeo.gob.mx\/minio\/pagina\/wp-content\/uploads\/2026\/01\/WhatsApp-Image-2026-01-19-at-11.53.07-AM-300x201.jpeg 300w, https:\/\/portal.fgeo.gob.mx\/minio\/pagina\/wp-content\/uploads\/2026\/01\/WhatsApp-Image-2026-01-19-at-11.53.07-AM-768x515.jpeg 768w, https:\/\/portal.fgeo.gob.mx\/minio\/pagina\/wp-content\/uploads\/2026\/01\/WhatsApp-Image-2026-01-19-at-11.53.07-AM.jpeg 1107w\" sizes=\"(max-width: 1024px) 100vw, 1024px\" \/><\/figure>\n","protected":false},"author":2,"featured_media":0,"comment_status":"closed","ping_status":"closed","template":"","tags":[],"categoria_noticias":[],"class_list":["post-20683","noticias","type-noticias","status-publish","hentry"],"acf":[],"mb":[],"mfb_rest_fields":["title","gutenberg_elementor_mode"],"_links":{"self":[{"href":"https:\/\/portal.fgeo.gob.mx\/index.php\/wp-json\/wp\/v2\/noticias\/20683","targetHints":{"allow":["GET"]}}],"collection":[{"href":"https:\/\/portal.fgeo.gob.mx\/index.php\/wp-json\/wp\/v2\/noticias"}],"about":[{"href":"https:\/\/portal.fgeo.gob.mx\/index.php\/wp-json\/wp\/v2\/types\/noticias"}],"author":[{"embeddable":true,"href":"https:\/\/portal.fgeo.gob.mx\/index.php\/wp-json\/wp\/v2\/users\/2"}],"replies":[{"embeddable":true,"href":"https:\/\/portal.fgeo.gob.mx\/index.php\/wp-json\/wp\/v2\/comments?post=20683"}],"wp:attachment":[{"href":"https:\/\/portal.fgeo.gob.mx\/index.php\/wp-json\/wp\/v2\/media?parent=20683"}],"wp:term":[{"taxonomy":"post_tag","embeddable":true,"href":"https:\/\/portal.fgeo.gob.mx\/index.php\/wp-json\/wp\/v2\/tags?post=20683"},{"taxonomy":"categoria_noticias","embeddable":true,"href":"https:\/\/portal.fgeo.gob.mx\/index.php\/wp-json\/wp\/v2\/categoria_noticias?post=20683"}],"curies":[{"name":"wp","href":"https:\/\/api.w.org\/{rel}","templated":true}]}}