{"id":20498,"date":"2026-01-12T15:30:48","date_gmt":"2026-01-12T21:30:48","guid":{"rendered":"https:\/\/portal.fgeo.gob.mx\/?post_type=noticias&#038;p=20498"},"modified":"2026-01-12T15:30:48","modified_gmt":"2026-01-12T21:30:48","slug":"boletin-2096-fiscalia-de-oaxaca-obtiene-vinculacion-a-proceso-y-prision-preventiva-contra-imputado-por-rociar-alcohol-y-prenderle-fuego-a-su-pareja-agresion-cometida-en-la-costa","status":"publish","type":"noticias","link":"https:\/\/portal.fgeo.gob.mx\/index.php\/archivos\/noticias\/boletin-2096-fiscalia-de-oaxaca-obtiene-vinculacion-a-proceso-y-prision-preventiva-contra-imputado-por-rociar-alcohol-y-prenderle-fuego-a-su-pareja-agresion-cometida-en-la-costa","title":{"rendered":"BOLET\u00cdN 2,096.- Fiscal\u00eda de Oaxaca obtiene vinculaci\u00f3n a proceso y prisi\u00f3n preventiva contra imputado por rociar alcohol y prenderle fuego a su pareja, agresi\u00f3n cometida en la Costa"},"content":{"rendered":"\n<p><strong>Oaxaca de Ju\u00e1rez, Oax., a 12 de enero de 2026. \u2013 <\/strong>En seguimiento a los casos de violencia de g\u00e9nero y como resultado del trabajo ministerial, la Fiscal\u00eda General del Estado de Oaxaca (FGEO) obtuvo auto de vinculaci\u00f3n a proceso y prisi\u00f3n preventiva en contra de un hombre identificado como E.M.L., por el delito de tentativa de feminicidio agravado, cometido en agravio de su esposa en la regi\u00f3n de la Costa.<\/p>\n\n\n\n<p>De acuerdo con la carpeta de investigaci\u00f3n, los hechos ocurrieron durante la madrugada del 1 de enero de 2026, al interior de un domicilio ubicado en el Barrio Grande de San Pedro Jicay\u00e1n.<\/p>\n\n\n\n<p>Las indagatorias establecen que el imputado lleg\u00f3 al domicilio y exigi\u00f3 a la v\u00edctima que consumiera bebidas alcoh\u00f3licas con \u00e9l; sin embargo, ante la negativa de la mujer, la agredi\u00f3 verbal y f\u00edsicamente, para despu\u00e9s rociarla con alcohol et\u00edlico y prenderle fuego, provocando quemaduras en diversas partes del cuerpo.<\/p>\n\n\n\n<p>Tras cometer la agresi\u00f3n, el imputado huy\u00f3 del lugar, mientras que la v\u00edctima fue auxiliada por terceras personas y trasladada para recibir atenci\u00f3n m\u00e9dica.<\/p>\n\n\n\n<p>Al tener conocimiento de los hechos, la FGEO, a trav\u00e9s de la Unidad Operativa de Investigaci\u00f3n de Delitos Cometidos Contra la Mujer Por Raz\u00f3n De G\u00e9nero de la Vicefiscal\u00eda Regional de la Costa, inici\u00f3 las investigaciones correspondientes con perspectiva de g\u00e9nero.<\/p>\n\n\n\n<p>Derivado de los trabajos ministeriales, se obtuvo una orden de aprehensi\u00f3n en contra del esposo de la v\u00edctima, la cual fue ejecutada por elementos de la Agencia Estatal de Investigaciones (AEI), quienes lo pusieron a disposici\u00f3n del Ministerio P\u00fablico.<\/p>\n\n\n\n<p>Tras valorar los datos de prueba aportados por la Fiscal\u00eda de Oaxaca, el Juez de la causa dict\u00f3 auto de vinculaci\u00f3n a proceso contra E.M.L. por el delito de tentativa de feminicidio agravado, imponiendo la medida cautelar de prisi\u00f3n preventiva oficiosa y fijando un plazo de tres meses para el cierre de la investigaci\u00f3n complementaria.<\/p>\n\n\n\n<p>La Fiscal\u00eda General del Estado de Oaxaca refrenda su compromiso de investigar con rigor y perspectiva de g\u00e9nero los delitos cometidos contra las mujeres, a fin de garantizar el acceso a la justicia y sancionar conforme a la ley a quienes resulten responsables.<\/p>\n\n\n\n<figure class=\"wp-block-gallery has-nested-images columns-default is-cropped wp-block-gallery-1 is-layout-flex wp-block-gallery-is-layout-flex\">\n<figure class=\"wp-block-image size-large\"><img fetchpriority=\"high\" decoding=\"async\" width=\"1024\" height=\"551\" data-id=\"20500\" src=\"https:\/\/portal.fgeo.gob.mx\/minio\/pagina\/wp-content\/uploads\/2026\/01\/Diseno-sin-titulo-1-1-1024x551.jpg\" alt=\"\" class=\"wp-image-20500\" srcset=\"https:\/\/portal.fgeo.gob.mx\/minio\/pagina\/wp-content\/uploads\/2026\/01\/Diseno-sin-titulo-1-1-1024x551.jpg 1024w, https:\/\/portal.fgeo.gob.mx\/minio\/pagina\/wp-content\/uploads\/2026\/01\/Diseno-sin-titulo-1-1-300x161.jpg 300w, https:\/\/portal.fgeo.gob.mx\/minio\/pagina\/wp-content\/uploads\/2026\/01\/Diseno-sin-titulo-1-1-768x413.jpg 768w, https:\/\/portal.fgeo.gob.mx\/minio\/pagina\/wp-content\/uploads\/2026\/01\/Diseno-sin-titulo-1-1.jpg 1468w\" sizes=\"(max-width: 1024px) 100vw, 1024px\" \/><\/figure>\n\n\n\n<figure class=\"wp-block-image size-full\"><img decoding=\"async\" width=\"693\" height=\"343\" data-id=\"20499\" src=\"https:\/\/portal.fgeo.gob.mx\/minio\/pagina\/wp-content\/uploads\/2026\/01\/Diseno-sin-titulo-1.jpg\" alt=\"\" class=\"wp-image-20499\" srcset=\"https:\/\/portal.fgeo.gob.mx\/minio\/pagina\/wp-content\/uploads\/2026\/01\/Diseno-sin-titulo-1.jpg 693w, https:\/\/portal.fgeo.gob.mx\/minio\/pagina\/wp-content\/uploads\/2026\/01\/Diseno-sin-titulo-1-300x148.jpg 300w\" sizes=\"(max-width: 693px) 100vw, 693px\" \/><\/figure>\n<\/figure>\n","protected":false},"author":2,"featured_media":0,"comment_status":"closed","ping_status":"closed","template":"","tags":[],"categoria_noticias":[],"class_list":["post-20498","noticias","type-noticias","status-publish","hentry"],"acf":[],"mb":[],"mfb_rest_fields":["title","gutenberg_elementor_mode"],"_links":{"self":[{"href":"https:\/\/portal.fgeo.gob.mx\/index.php\/wp-json\/wp\/v2\/noticias\/20498","targetHints":{"allow":["GET"]}}],"collection":[{"href":"https:\/\/portal.fgeo.gob.mx\/index.php\/wp-json\/wp\/v2\/noticias"}],"about":[{"href":"https:\/\/portal.fgeo.gob.mx\/index.php\/wp-json\/wp\/v2\/types\/noticias"}],"author":[{"embeddable":true,"href":"https:\/\/portal.fgeo.gob.mx\/index.php\/wp-json\/wp\/v2\/users\/2"}],"replies":[{"embeddable":true,"href":"https:\/\/portal.fgeo.gob.mx\/index.php\/wp-json\/wp\/v2\/comments?post=20498"}],"wp:attachment":[{"href":"https:\/\/portal.fgeo.gob.mx\/index.php\/wp-json\/wp\/v2\/media?parent=20498"}],"wp:term":[{"taxonomy":"post_tag","embeddable":true,"href":"https:\/\/portal.fgeo.gob.mx\/index.php\/wp-json\/wp\/v2\/tags?post=20498"},{"taxonomy":"categoria_noticias","embeddable":true,"href":"https:\/\/portal.fgeo.gob.mx\/index.php\/wp-json\/wp\/v2\/categoria_noticias?post=20498"}],"curies":[{"name":"wp","href":"https:\/\/api.w.org\/{rel}","templated":true}]}}