{"id":20479,"date":"2026-01-10T12:07:38","date_gmt":"2026-01-10T18:07:38","guid":{"rendered":"https:\/\/portal.fgeo.gob.mx\/?post_type=noticias&#038;p=20479"},"modified":"2026-01-10T12:07:38","modified_gmt":"2026-01-10T18:07:38","slug":"fiscalia-de-oaxaca-detiene-a-un-hombre-por-intento-de-homicidio-contra-dos-personas-a-quienes-dispararon-cuando-viajaban-a-bordo-de-una-motocicleta-en-la-region-de-la-mixteca","status":"publish","type":"noticias","link":"https:\/\/portal.fgeo.gob.mx\/index.php\/archivos\/noticias\/fiscalia-de-oaxaca-detiene-a-un-hombre-por-intento-de-homicidio-contra-dos-personas-a-quienes-dispararon-cuando-viajaban-a-bordo-de-una-motocicleta-en-la-region-de-la-mixteca","title":{"rendered":"Fiscal\u00eda de Oaxaca detiene a un hombre por intento de homicidio contra dos personas a quienes dispararon cuando viajaban a bordo de una motocicleta, en la regi\u00f3n de la Mixteca"},"content":{"rendered":"\n<p><\/p>\n\n\n\n<p><strong>Oaxaca de Ju\u00e1rez, Oax. 10 de enero de 2026.-<\/strong> Las investigaciones ministeriales a cargo de la Fiscal\u00eda General del Estado de Oaxaca (FGEO) hicieron posible la ejecuci\u00f3n de una orden de aprehensi\u00f3n en contra de una persona del sexo masculino identificada como J.A.S.M., por el delito de homicidio calificado con ventaja en grado de tentativa, en agravio de dos personas, cometido en la regi\u00f3n de la Mixteca.<\/p>\n\n\n\n<p>De acuerdo con el expediente penal del caso, los hechos se suscitaron el 22 de febrero de 2025 sobre un camino de terracer\u00eda ubicado en el Cerro del Ticoco, en la Agencia El Molino, perteneciente a Huajuapan de Le\u00f3n.<\/p>\n\n\n\n<p>La investigaci\u00f3n detalla que en ese lugar, las v\u00edctimas, identificadas como J. M. G. R. y J. S. M., viajaban en una motocicleta cuando fueron interceptados y atacados con disparos de arma de fuego, causando lesiones de gravedad a una de ellas.<\/p>\n\n\n\n<p>Tras tomar conocimiento del caso, la FGEO inici\u00f3 acciones de investigaci\u00f3n e inteligencia coordinadas por la Vicefiscal\u00eda Regional de la Mixteca, con el apoyo de la Comandancia de G\u00e9nero, logrando obtener una orden de aprehensi\u00f3n en contra de J.A.S.M.<\/p>\n\n\n\n<p>Una vez localizado, J.A.S.M., fue detenido por elementos de la Agencia Estatal de Investigaciones (AEI) en la calle Ermita de la Colonia La Merced, en Huajuapan de Le\u00f3n, para ser trasladado ante la autoridad y con ello, resolver su situaci\u00f3n jur\u00eddica.<\/p>\n\n\n\n<p>La Fiscal\u00eda General garantiza investigaciones exhaustivas para esclarecer delitos, aplicando todo el rigor de la Ley a quien o quienes resulten responsables.<\/p>\n\n\n\n<p><\/p>\n\n\n\n<p><\/p>\n\n\n\n<figure class=\"wp-block-image size-large\"><img fetchpriority=\"high\" decoding=\"async\" width=\"1024\" height=\"714\" src=\"https:\/\/portal.fgeo.gob.mx\/minio\/pagina\/wp-content\/uploads\/2026\/01\/615208161_1355858099914210_1174716528369356336_n-1024x714.jpg\" alt=\"\" class=\"wp-image-20480\" srcset=\"https:\/\/portal.fgeo.gob.mx\/minio\/pagina\/wp-content\/uploads\/2026\/01\/615208161_1355858099914210_1174716528369356336_n-1024x714.jpg 1024w, https:\/\/portal.fgeo.gob.mx\/minio\/pagina\/wp-content\/uploads\/2026\/01\/615208161_1355858099914210_1174716528369356336_n-300x209.jpg 300w, https:\/\/portal.fgeo.gob.mx\/minio\/pagina\/wp-content\/uploads\/2026\/01\/615208161_1355858099914210_1174716528369356336_n-768x535.jpg 768w, https:\/\/portal.fgeo.gob.mx\/minio\/pagina\/wp-content\/uploads\/2026\/01\/615208161_1355858099914210_1174716528369356336_n.jpg 1057w\" sizes=\"(max-width: 1024px) 100vw, 1024px\" \/><\/figure>\n","protected":false},"author":2,"featured_media":20343,"comment_status":"closed","ping_status":"closed","template":"","tags":[],"categoria_noticias":[],"class_list":["post-20479","noticias","type-noticias","status-publish","has-post-thumbnail","hentry"],"acf":[],"mb":[],"mfb_rest_fields":["title","gutenberg_elementor_mode"],"_links":{"self":[{"href":"https:\/\/portal.fgeo.gob.mx\/index.php\/wp-json\/wp\/v2\/noticias\/20479","targetHints":{"allow":["GET"]}}],"collection":[{"href":"https:\/\/portal.fgeo.gob.mx\/index.php\/wp-json\/wp\/v2\/noticias"}],"about":[{"href":"https:\/\/portal.fgeo.gob.mx\/index.php\/wp-json\/wp\/v2\/types\/noticias"}],"author":[{"embeddable":true,"href":"https:\/\/portal.fgeo.gob.mx\/index.php\/wp-json\/wp\/v2\/users\/2"}],"replies":[{"embeddable":true,"href":"https:\/\/portal.fgeo.gob.mx\/index.php\/wp-json\/wp\/v2\/comments?post=20479"}],"wp:featuredmedia":[{"embeddable":true,"href":"https:\/\/portal.fgeo.gob.mx\/index.php\/wp-json\/wp\/v2\/media\/20343"}],"wp:attachment":[{"href":"https:\/\/portal.fgeo.gob.mx\/index.php\/wp-json\/wp\/v2\/media?parent=20479"}],"wp:term":[{"taxonomy":"post_tag","embeddable":true,"href":"https:\/\/portal.fgeo.gob.mx\/index.php\/wp-json\/wp\/v2\/tags?post=20479"},{"taxonomy":"categoria_noticias","embeddable":true,"href":"https:\/\/portal.fgeo.gob.mx\/index.php\/wp-json\/wp\/v2\/categoria_noticias?post=20479"}],"curies":[{"name":"wp","href":"https:\/\/api.w.org\/{rel}","templated":true}]}}