{"id":20401,"date":"2026-01-08T14:32:19","date_gmt":"2026-01-08T20:32:19","guid":{"rendered":"https:\/\/portal.fgeo.gob.mx\/?post_type=noticias&#038;p=20401"},"modified":"2026-01-08T14:32:19","modified_gmt":"2026-01-08T20:32:19","slug":"boletin-2088-fiscalia-de-oaxaca-obtiene-vinculacion-a-proceso-contra-imputado-por-violencia-familiar-cometida-en-agravio-una-mujer-originaria-de-estados-unidos-y-su-hija","status":"publish","type":"noticias","link":"https:\/\/portal.fgeo.gob.mx\/index.php\/archivos\/noticias\/boletin-2088-fiscalia-de-oaxaca-obtiene-vinculacion-a-proceso-contra-imputado-por-violencia-familiar-cometida-en-agravio-una-mujer-originaria-de-estados-unidos-y-su-hija","title":{"rendered":"BOLET\u00cdN 2088.- Fiscal\u00eda de Oaxaca obtiene vinculaci\u00f3n a proceso contra imputado por violencia familiar cometida en agravio una mujer originaria de Estados Unidos y su hija"},"content":{"rendered":"\n<p><strong>Oaxaca de Ju\u00e1rez a &nbsp;08 de enero de 2026<\/strong>.- &nbsp;La Fiscal\u00eda General del Estado de Oaxaca (FGEO) obtuvo la vinculaci\u00f3n a proceso en contra de una persona del sexo masculino identificada con las iniciales H.A.V., por su probable responsabilidad en el delito de violencia familiar, cometido en agravio de su concubina de origen extranjero y su hija.&nbsp;<\/p>\n\n\n\n<p>De acuerdo con la carpeta de investigaci\u00f3n, los hechos ocurrieron en distintas fechas entre octubre de 2023 y noviembre de 2025, al interior de un domicilio ubicado en San Juan Guichicovi en la regi\u00f3n del Istmo de Tehuantepec.<\/p>\n\n\n\n<p>La investigaci\u00f3n ministerial detalla episodios reiterados de violencia, en los que una mujer de origen estadounidense&nbsp; fue v\u00edctima de insultos, agresiones f\u00edsicas y golpes, amenazas con objeto punzocortante, adem\u00e1s de conductas de control e incomunicaci\u00f3n, as\u00ed como agresiones verbales en presencia de su hija menor de edad.<\/p>\n\n\n\n<p>Tras recibir la denuncia la FGEO a trav\u00e9s de Fiscal\u00eda Especializada para la Atenci\u00f3n a Delitos contra la Mujer Por Raz\u00f3n De G\u00e9nero obtuvo y ejecut\u00f3 la orden de aprehensi\u00f3n en contra de H.A.V. qui\u00e9n fue puesto a disposici\u00f3n de la autoridad ministerial correspondiente.<\/p>\n\n\n\n<p>En audiencia, tras evaluar las pruebas presentadas por la Fiscal\u00eda de Oaxaca, el Juez de la causa determin\u00f3 vincular a proceso a H.A.V., imponi\u00e9ndole como medida cautelar la prisi\u00f3n preventiva justificada.<\/p>\n\n\n\n<p>La Fiscal\u00eda de Oaxaca reitera su compromiso de investigar con perspectiva de g\u00e9nero los delitos de violencia familiar, priorizando la protecci\u00f3n de ni\u00f1as, ni\u00f1os y mujeres, as\u00ed como el acceso efectivo a la procuraci\u00f3n de justicia para quienes sufren este tipo de agresiones.<\/p>\n\n\n\n<figure class=\"wp-block-gallery has-nested-images columns-default is-cropped wp-block-gallery-1 is-layout-flex wp-block-gallery-is-layout-flex\">\n<figure class=\"wp-block-image size-full\"><img fetchpriority=\"high\" decoding=\"async\" width=\"517\" height=\"526\" data-id=\"20402\" src=\"https:\/\/portal.fgeo.gob.mx\/minio\/pagina\/wp-content\/uploads\/2026\/01\/BOLETIN-2088.-Fiscalia-de-Oaxaca-obtiene-vinculacion-a-proceso-contra-imputado-por-violencia-familiar-cometida-en-agravio-una-mujer-originaria-de-Estados-Unidos-y-su-hija.jpg\" alt=\"\" class=\"wp-image-20402\" srcset=\"https:\/\/portal.fgeo.gob.mx\/minio\/pagina\/wp-content\/uploads\/2026\/01\/BOLETIN-2088.-Fiscalia-de-Oaxaca-obtiene-vinculacion-a-proceso-contra-imputado-por-violencia-familiar-cometida-en-agravio-una-mujer-originaria-de-Estados-Unidos-y-su-hija.jpg 517w, https:\/\/portal.fgeo.gob.mx\/minio\/pagina\/wp-content\/uploads\/2026\/01\/BOLETIN-2088.-Fiscalia-de-Oaxaca-obtiene-vinculacion-a-proceso-contra-imputado-por-violencia-familiar-cometida-en-agravio-una-mujer-originaria-de-Estados-Unidos-y-su-hija-295x300.jpg 295w\" sizes=\"(max-width: 517px) 100vw, 517px\" \/><\/figure>\n<\/figure>\n","protected":false},"author":2,"featured_media":0,"comment_status":"closed","ping_status":"closed","template":"","tags":[],"categoria_noticias":[],"class_list":["post-20401","noticias","type-noticias","status-publish","hentry"],"acf":[],"mb":[],"mfb_rest_fields":["title","gutenberg_elementor_mode"],"_links":{"self":[{"href":"https:\/\/portal.fgeo.gob.mx\/index.php\/wp-json\/wp\/v2\/noticias\/20401","targetHints":{"allow":["GET"]}}],"collection":[{"href":"https:\/\/portal.fgeo.gob.mx\/index.php\/wp-json\/wp\/v2\/noticias"}],"about":[{"href":"https:\/\/portal.fgeo.gob.mx\/index.php\/wp-json\/wp\/v2\/types\/noticias"}],"author":[{"embeddable":true,"href":"https:\/\/portal.fgeo.gob.mx\/index.php\/wp-json\/wp\/v2\/users\/2"}],"replies":[{"embeddable":true,"href":"https:\/\/portal.fgeo.gob.mx\/index.php\/wp-json\/wp\/v2\/comments?post=20401"}],"wp:attachment":[{"href":"https:\/\/portal.fgeo.gob.mx\/index.php\/wp-json\/wp\/v2\/media?parent=20401"}],"wp:term":[{"taxonomy":"post_tag","embeddable":true,"href":"https:\/\/portal.fgeo.gob.mx\/index.php\/wp-json\/wp\/v2\/tags?post=20401"},{"taxonomy":"categoria_noticias","embeddable":true,"href":"https:\/\/portal.fgeo.gob.mx\/index.php\/wp-json\/wp\/v2\/categoria_noticias?post=20401"}],"curies":[{"name":"wp","href":"https:\/\/api.w.org\/{rel}","templated":true}]}}