{"id":20246,"date":"2025-12-29T14:00:00","date_gmt":"2025-12-29T20:00:00","guid":{"rendered":"https:\/\/portal.fgeo.gob.mx\/?post_type=noticias&#038;p=20246"},"modified":"2026-01-05T12:22:11","modified_gmt":"2026-01-05T18:22:11","slug":"boletin-2061-obtiene-fgeo-vinculacion-a-proceso-contra-imputado-por-homicidio-accidente-vial-en-que-una-camioneta-arrollo-a-dos-motociclistas","status":"publish","type":"noticias","link":"https:\/\/portal.fgeo.gob.mx\/index.php\/archivos\/noticias\/boletin-2061-obtiene-fgeo-vinculacion-a-proceso-contra-imputado-por-homicidio-accidente-vial-en-que-una-camioneta-arrollo-a-dos-motociclistas","title":{"rendered":"BOLET\u00cdN 2061.- Obtiene FGEO vinculaci\u00f3n a proceso contra imputado por homicidio accidente vial en que una camioneta arroll\u00f3 a dos motociclistas"},"content":{"rendered":"\n<p><strong>Oaxaca de Ju\u00e1rez a 29 de diciembre de 2025<\/strong>.- &nbsp;La Fiscal\u00eda General del Estado de Oaxaca (FGEO) obtuvo auto de vinculaci\u00f3n a proceso y prisi\u00f3n preventiva en contra de un hombre identificado como N.S.J.G., imputado por los delitos de homicidio, lesiones y da\u00f1os culposos por tr\u00e1nsito de veh\u00edculos, cometidos en la regi\u00f3n de la Sierra Sur.<\/p>\n\n\n\n<p>De acuerdo con la carpeta de investigaci\u00f3n, los hechos ocurrieron el 14 de diciembre de 2025, aproximadamente, sobre la calle Segunda de Cuauht\u00e9moc, en la colonia Tierra Negra, del municipio de Miahuatl\u00e1n de Porfirio D\u00edaz, a unos 100 metros del puente vehicular.<\/p>\n\n\n\n<p>En ese lugar, el imputado conduc\u00eda una camioneta marca KIA, color gris, cuando impact\u00f3 por alcance a una motocicleta marca Honda, en la que viajaban las v\u00edctimas K.R.F. y N.F.V.L.<\/p>\n\n\n\n<p>Derivado del impacto, K.R.F.&nbsp; sali\u00f3 proyectada, perdiendo la vida en el lugar de los hechos, mientras que la otra v\u00edctima qued\u00f3 debajo del veh\u00edculo, resultando con lesiones de consideraci\u00f3n. Posteriormente, el imputado intent\u00f3 darse a la fuga, sin lograrlo.<\/p>\n\n\n\n<p>Tras la detenci\u00f3n, la FGEO -a trav\u00e9s de la Vicefiscal\u00eda Regional de los Valles Centrales- realiz\u00f3 las investigaciones correspondientes, por lo que el Juez de Control evalu\u00f3 los datos de prueba aportados por el Ministerio P\u00fablico, y dict\u00f3 auto de vinculaci\u00f3n a proceso e impuso como medida cautelar prisi\u00f3n preventiva justificada contra N.S.J.G.<\/p>\n\n\n\n<p>La Fiscal\u00eda General del Estado de Oaxaca est\u00e1 comprometida con establecer l\u00edneas de investigaci\u00f3n s\u00f3lidas que permitan dar con quien o quienes resulten responsables de los delitos, y con ello, garantizar procesos de procuraci\u00f3n de justicia adecuados para las v\u00edctimas directas e indirectas.<\/p>\n\n\n\n<figure class=\"wp-block-gallery has-nested-images columns-default is-cropped wp-block-gallery-1 is-layout-flex wp-block-gallery-is-layout-flex\">\n<figure class=\"wp-block-image size-full\"><img fetchpriority=\"high\" decoding=\"async\" width=\"627\" height=\"667\" data-id=\"20247\" src=\"https:\/\/portal.fgeo.gob.mx\/minio\/pagina\/wp-content\/uploads\/2025\/12\/BOLETIN-2061.-Obtiene-FGEO-vinculacion-a-proceso-contra-imputado-por-homicidio-accidente-vial-en-que-una-camioneta-arrollo-a-dos-motociclista.jpeg\" alt=\"\" class=\"wp-image-20247\" srcset=\"https:\/\/portal.fgeo.gob.mx\/minio\/pagina\/wp-content\/uploads\/2025\/12\/BOLETIN-2061.-Obtiene-FGEO-vinculacion-a-proceso-contra-imputado-por-homicidio-accidente-vial-en-que-una-camioneta-arrollo-a-dos-motociclista.jpeg 627w, https:\/\/portal.fgeo.gob.mx\/minio\/pagina\/wp-content\/uploads\/2025\/12\/BOLETIN-2061.-Obtiene-FGEO-vinculacion-a-proceso-contra-imputado-por-homicidio-accidente-vial-en-que-una-camioneta-arrollo-a-dos-motociclista-282x300.jpeg 282w\" sizes=\"(max-width: 627px) 100vw, 627px\" \/><\/figure>\n<\/figure>\n","protected":false},"author":2,"featured_media":0,"comment_status":"closed","ping_status":"closed","template":"","tags":[],"categoria_noticias":[],"class_list":["post-20246","noticias","type-noticias","status-publish","hentry"],"acf":[],"mb":[],"mfb_rest_fields":["title","gutenberg_elementor_mode"],"_links":{"self":[{"href":"https:\/\/portal.fgeo.gob.mx\/index.php\/wp-json\/wp\/v2\/noticias\/20246","targetHints":{"allow":["GET"]}}],"collection":[{"href":"https:\/\/portal.fgeo.gob.mx\/index.php\/wp-json\/wp\/v2\/noticias"}],"about":[{"href":"https:\/\/portal.fgeo.gob.mx\/index.php\/wp-json\/wp\/v2\/types\/noticias"}],"author":[{"embeddable":true,"href":"https:\/\/portal.fgeo.gob.mx\/index.php\/wp-json\/wp\/v2\/users\/2"}],"replies":[{"embeddable":true,"href":"https:\/\/portal.fgeo.gob.mx\/index.php\/wp-json\/wp\/v2\/comments?post=20246"}],"wp:attachment":[{"href":"https:\/\/portal.fgeo.gob.mx\/index.php\/wp-json\/wp\/v2\/media?parent=20246"}],"wp:term":[{"taxonomy":"post_tag","embeddable":true,"href":"https:\/\/portal.fgeo.gob.mx\/index.php\/wp-json\/wp\/v2\/tags?post=20246"},{"taxonomy":"categoria_noticias","embeddable":true,"href":"https:\/\/portal.fgeo.gob.mx\/index.php\/wp-json\/wp\/v2\/categoria_noticias?post=20246"}],"curies":[{"name":"wp","href":"https:\/\/api.w.org\/{rel}","templated":true}]}}