{"id":20244,"date":"2025-12-29T11:05:38","date_gmt":"2025-12-29T17:05:38","guid":{"rendered":"https:\/\/portal.fgeo.gob.mx\/?post_type=noticias&#038;p=20244"},"modified":"2025-12-29T11:05:38","modified_gmt":"2025-12-29T17:05:38","slug":"boletin-2060-fiscalia-de-oaxaca-obtiene-prision-y-solicita-vinculacion-a-proceso-contra-imputado-por-trafico-de-plazas-de-manera-ilicita-ofrecia-espacios-laborales-en-el-sector-salud","status":"publish","type":"noticias","link":"https:\/\/portal.fgeo.gob.mx\/index.php\/archivos\/noticias\/boletin-2060-fiscalia-de-oaxaca-obtiene-prision-y-solicita-vinculacion-a-proceso-contra-imputado-por-trafico-de-plazas-de-manera-ilicita-ofrecia-espacios-laborales-en-el-sector-salud","title":{"rendered":"BOLET\u00cdN 2060.- Fiscal\u00eda de Oaxaca obtiene prisi\u00f3n y solicita vinculaci\u00f3n a proceso contra imputado por tr\u00e1fico de plazas, de manera il\u00edcita ofrec\u00eda espacios laborales en el sector salud"},"content":{"rendered":"\n<p><strong>Oaxaca de Ju\u00e1rez a 29 de diciembre de 2025<\/strong>.- &nbsp;La Fiscal\u00eda General del Estado de Oaxaca (FGEO) dio cumplimiento a una orden de aprehensi\u00f3n logrando la detenci\u00f3n de una persona del sexo masculino identificado como J.F.L.G., por el delito Tr\u00e1fico de Plazas y Servicios, quien de acuerdo con las investigaciones iniciales, estar\u00eda vinculado con un grupo dedicado a la venta ilegal de plazas laborales en diferentes \u00e1reas del Gobierno del Estado.<\/p>\n\n\n\n<p>La Fiscal\u00eda de Oaxaca logr\u00f3 la detenci\u00f3n de J.F.L.G., gracias&nbsp; la denuncia de una de las v\u00edctimas quien relat\u00f3 que, en septiembre de 2020, le ofrecieron colocarlo en un puesto en el sector salud, donde le ofrecieron una plaza.<\/p>\n\n\n\n<p>La v\u00edctima se\u00f1al\u00f3 que pag\u00f3 250 mil pesos para obtener la plaza laboral, dinero que habr\u00eda entregado a J.F.L.G., pero nunca consigui\u00f3 el trabajo, por lo que denunci\u00f3 los hechos.<\/p>\n\n\n\n<p>Ante la denuncia, la FGEO realiz\u00f3 las investigaciones correspondientes a trav\u00e9s de la Vicefiscal\u00eda Regional de Valles Centrales, obteniendo la orden de aprehensi\u00f3n que permiti\u00f3 la detenci\u00f3n de J.F.L.G., quien fue presentado ante el Juez que calific\u00f3 como legal la detenci\u00f3n por lo que el Ministerio P\u00fablico solicit\u00f3 la vinculaci\u00f3n a proceso, por lo que se impuso la medida cautelar de prisi\u00f3n preventiva contra el imputado.<\/p>\n\n\n\n<p>En tanto que, las indagatorias ministeriales en torno al caso, revelan que el imputado estar\u00eda relacionado con una red de personas dedicadas a la venta de plazas laborales, quienes contactaba a las v\u00edctimas a trav\u00e9s de diferentes plataformas de redes sociales.<\/p>\n\n\n\n<p>La Fiscal\u00eda de Oaxaca lleva a cabo los trabajos ministeriales por este tipo de conductas delictivas que atentan contra el patrimonio de las v\u00edctimas. La venta de plazas laborales es un delito que se castiga con c\u00e1rcel, no te dejes enga\u00f1ar.<\/p>\n\n\n\n<figure class=\"wp-block-gallery has-nested-images columns-default is-cropped wp-block-gallery-1 is-layout-flex wp-block-gallery-is-layout-flex\">\n<figure class=\"wp-block-image size-full\"><img fetchpriority=\"high\" decoding=\"async\" width=\"550\" height=\"765\" data-id=\"20245\" src=\"https:\/\/portal.fgeo.gob.mx\/minio\/pagina\/wp-content\/uploads\/2025\/12\/boletin-2060.jpg\" alt=\"\" class=\"wp-image-20245\" srcset=\"https:\/\/portal.fgeo.gob.mx\/minio\/pagina\/wp-content\/uploads\/2025\/12\/boletin-2060.jpg 550w, https:\/\/portal.fgeo.gob.mx\/minio\/pagina\/wp-content\/uploads\/2025\/12\/boletin-2060-216x300.jpg 216w\" sizes=\"(max-width: 550px) 100vw, 550px\" \/><\/figure>\n<\/figure>\n","protected":false},"author":2,"featured_media":0,"comment_status":"closed","ping_status":"closed","template":"","tags":[],"categoria_noticias":[],"class_list":["post-20244","noticias","type-noticias","status-publish","hentry"],"acf":[],"mb":[],"mfb_rest_fields":["title","gutenberg_elementor_mode"],"_links":{"self":[{"href":"https:\/\/portal.fgeo.gob.mx\/index.php\/wp-json\/wp\/v2\/noticias\/20244","targetHints":{"allow":["GET"]}}],"collection":[{"href":"https:\/\/portal.fgeo.gob.mx\/index.php\/wp-json\/wp\/v2\/noticias"}],"about":[{"href":"https:\/\/portal.fgeo.gob.mx\/index.php\/wp-json\/wp\/v2\/types\/noticias"}],"author":[{"embeddable":true,"href":"https:\/\/portal.fgeo.gob.mx\/index.php\/wp-json\/wp\/v2\/users\/2"}],"replies":[{"embeddable":true,"href":"https:\/\/portal.fgeo.gob.mx\/index.php\/wp-json\/wp\/v2\/comments?post=20244"}],"wp:attachment":[{"href":"https:\/\/portal.fgeo.gob.mx\/index.php\/wp-json\/wp\/v2\/media?parent=20244"}],"wp:term":[{"taxonomy":"post_tag","embeddable":true,"href":"https:\/\/portal.fgeo.gob.mx\/index.php\/wp-json\/wp\/v2\/tags?post=20244"},{"taxonomy":"categoria_noticias","embeddable":true,"href":"https:\/\/portal.fgeo.gob.mx\/index.php\/wp-json\/wp\/v2\/categoria_noticias?post=20244"}],"curies":[{"name":"wp","href":"https:\/\/api.w.org\/{rel}","templated":true}]}}